{"id":12506,"date":"2023-05-04T12:51:39","date_gmt":"2023-05-04T10:51:39","guid":{"rendered":"http:\/\/marburg.news\/?p=12506"},"modified":"2023-05-04T12:51:39","modified_gmt":"2023-05-04T10:51:39","slug":"umleitung-duererstrasse-gesperrt-bis-24-mai","status":"publish","type":"post","link":"http:\/\/marburg.news\/?p=12506","title":{"rendered":"Umleitung: D\u00fcrerstra\u00dfe gesperrt bis 24. Mai"},"content":{"rendered":"<p>Die D\u00fcrerstra\u00dfe ist bis voraussichtlich Mittwoch (24. Mai) gesperrt. Das hat die Stadt am Donnerstag (4. Mai) mitgeteilt. <!--more--><br \/>\nWegen eines Kanalrohrbruchs ist die D\u00fcrerstra\u00dfe zwischen der Sch\u00fctzenstra\u00dfe und der Hans-Sachs-Stra\u00dfe f\u00fcr den Fahrverkehr bis voraussichtlich Mittwoch (24. Mai) gesperrt. Die Umleitung f\u00fcr den \u00d6ffentlichen Personennahverkehr (\u00d6PNV) erfolgt \u00fcber die Rudolf-Bultmann-Stra\u00dfe, Hans-Sachs-Stra\u00dfe zur Haltestelle &#8222;Tabor&#8220;. In die Gegenrichtung erfolgt die Umleitung analog.<br \/>\nAuch der \u00fcbrige fahrende Verkehr wird \u00fcber die beiden Stra\u00dfen umgeleitet. Fu\u00dfg\u00e4ngerinnen und Fu\u00dfg\u00e4nger k\u00f6nnen den Baustellenbereich weiterhin uneingeschr\u00e4nkt passieren.<\/p>\n<p>* pm: Stadt Marburg<\/p>\n","protected":false},"excerpt":{"rendered":"<p>Die D\u00fcrerstra\u00dfe ist bis voraussichtlich Mittwoch (24. Mai) gesperrt. Das hat die Stadt am Donnerstag (4. Mai) mitgeteilt.<\/p>\n","protected":false},"author":2,"featured_media":0,"comment_status":"closed","ping_status":"open","sticky":false,"template":"","format":"standard","meta":{"advanced_seo_description":"","spay_email":"","jetpack_publicize_message":"","jetpack_is_tweetstorm":false,"jetpack_publicize_feature_enabled":true},"categories":[4],"tags":[643,5006,2116],"jetpack_featured_media_url":"","jetpack_publicize_connections":[],"jetpack_sharing_enabled":true,"jetpack_shortlink":"https:\/\/wp.me\/p8mhvd-3fI","jetpack-related-posts":[{"id":16644,"url":"http:\/\/marburg.news\/?p=16644","url_meta":{"origin":12506,"position":0},"title":"Im Winter: Hans-Sachs-Stra\u00dfe teilweise gesperrt","date":"16. Oktober 2024","format":false,"excerpt":"Teilweise gesperrt wird die Hans-Sachs-Stra\u00dfe ab Montag (21. Oktober). Das hat die Stadt Marburg am Mittwoch (16. Oktober) mitgeteilt. Im Bereich der Hans-Sachs-Stra\u00dfe am Ortenberg werden Gas- und Wasserleitungen verlegt. Daher wird die Stra\u00dfe ab Montag (21. Oktober) bis voraussichtlich Freitag (31. Januar) halbseitig Richtung D\u00fcrerstra\u00dfe gesperrt. Auch der Gehweg\u2026","rel":"","context":"In &quot;Soziales&quot;","img":{"alt_text":"","src":"","width":0,"height":0},"classes":[]},{"id":17456,"url":"http:\/\/marburg.news\/?p=17456","url_meta":{"origin":12506,"position":1},"title":"Weniger Autonomie: Gehweg der Hans-Sachs-Stra\u00dfe wird gesperrt","date":"5. Februar 2025","format":false,"excerpt":"F\u00fcr voraussichtlich drei Wochen wird der Gehweg der Hans-Sachs-Stra\u00dfe ab Mittwoch (12. Februar) gesperrt. Das hat die Stadt am Mittwoch (5. Februar) angek\u00fcndigt. Die Sperrung soll voraussichtlich am Mittwoch (5. M\u00e4rz) enden. Betroffen ist der Gehweg in Richtung Rudolf-Bultmann-Stra\u00dfe und Sch\u00fctzenstra\u00dfe. Die Umleitung erfolgt \u00fcber die Rudolf-Bultmann-Stra\u00dfe in die Sch\u00fctzenstra\u00dfe.\u2026","rel":"","context":"In &quot;Soziales&quot;","img":{"alt_text":"","src":"","width":0,"height":0},"classes":[]},{"id":17807,"url":"http:\/\/marburg.news\/?p=17807","url_meta":{"origin":12506,"position":2},"title":"Pl\u00f6tzlich ging\u00b4s los: Wasserrohrbruch in der Georg-Voigt-Stra\u00dfe","date":"6. April 2025","format":false,"excerpt":"Eine Vollsperrung der Georg-Voigt-Stra\u00dfe am Ortenberg hat die Stadt Marburg gemeldet. Grund ist ein Wasserrohrbruch. Wegen eines Wasserrohrbruchs ist die Georg-Voigt-Stra\u00dfe am Ortenberg ab H\u00f6he der Hausnummer 15 voll gesperrt. Anliegerinnen und Anlieger k\u00f6nnen bis zur Baustelle fahren. Die Zufahrt aus Richtung der Rudolf-Bultmann-Stra\u00dfe ist bis zum Blitzweg, die Zufahrt\u2026","rel":"","context":"In &quot;Soziales&quot;","img":{"alt_text":"","src":"","width":0,"height":0},"classes":[]},{"id":18102,"url":"http:\/\/marburg.news\/?p=18102","url_meta":{"origin":12506,"position":3},"title":"Bauarbeiten an Brunnenstra\u00dfe: Vollsperrung verl\u00e4ngert bis 31. Oktoer","date":"28. Mai 2025","format":false,"excerpt":"Die Brunnenstra\u00dfe bleibt bis Freitag (31. Oktober) gesperrt. Das hat die Stadt am Mittwoch (28. Mai) bekanntgegeben. Aufgrund von Arbeiten an den Ver- und Entsorgungsleitungen in der Brunnenstra\u00dfe kommt es zu einer Verl\u00e4ngerung der Vollsperrung bis voraussichtlich Freitag (31. Oktober). Die Sperrung erstreckt sich vom Kreuzungsbereich \"Am Engelsberg\"\/\"Auf der Hube\"\u2026","rel":"","context":"In &quot;Soziales&quot;","img":{"alt_text":"","src":"","width":0,"height":0},"classes":[]},{"id":15154,"url":"http:\/\/marburg.news\/?p=15154","url_meta":{"origin":12506,"position":4},"title":"Gut geb\u00fcngelt: Stra\u00dfensperrungen w\u00e4hrend der Osterferien","date":"7. M\u00e4rz 2024","format":false,"excerpt":"Umleitungen und \u00c4nderungen im Busverkehr hat die Stadt Marburg am Donnerstag (7. M\u00e4rz) gemeldet. Sie b\u00fcndelt Stra\u00dfen-Baustellen um die Osterferien Die Stadt Marburg will in diesem Jahr rund 6,8 Millionen Euro f\u00fcr die Unterhaltung ihrer Stra\u00dfen ausgeben und noch weitere rund 3,8 Millionen Euro in den Stra\u00dfenbau investieren. Daher stehen\u2026","rel":"","context":"In &quot;Soziales&quot;","img":{"alt_text":"","src":"","width":0,"height":0},"classes":[]},{"id":18022,"url":"http:\/\/marburg.news\/?p=18022","url_meta":{"origin":12506,"position":5},"title":"Auf den Lahnbergen: Verbindungsweg nach Bauerbach gesperrt","date":"20. Mai 2025","format":false,"excerpt":"Der Verbindungsweg zwischen Bauerbach und \"Auf den Lahnbergen\"ist bis Juni gesperrt. Das hat die Stadt am Dienstag (20. Mai) mitgeteilt. Voraussichtlich bis Freitag (6. Juni) ist der Verbindungsweg zwischen Bauerbach und der Stra\u00dfe \"Auf den Lahnbergen\" (L3092) vollgesperrt. Grund ist eine Fahrbahnsanierung. Die Umleitung erfolgt \u00fcber die Stra\u00dfe \"Auf den\u2026","rel":"","context":"In &quot;Soziales&quot;","img":{"alt_text":"","src":"","width":0,"height":0},"classes":[]}],"_links":{"self":[{"href":"http:\/\/marburg.news\/index.php?rest_route=\/wp\/v2\/posts\/12506"}],"collection":[{"href":"http:\/\/marburg.news\/index.php?rest_route=\/wp\/v2\/posts"}],"about":[{"href":"http:\/\/marburg.news\/index.php?rest_route=\/wp\/v2\/types\/post"}],"author":[{"embeddable":true,"href":"http:\/\/marburg.news\/index.php?rest_route=\/wp\/v2\/users\/2"}],"replies":[{"embeddable":true,"href":"http:\/\/marburg.news\/index.php?rest_route=%2Fwp%2Fv2%2Fcomments&post=12506"}],"version-history":[{"count":0,"href":"http:\/\/marburg.news\/index.php?rest_route=\/wp\/v2\/posts\/12506\/revisions"}],"wp:attachment":[{"href":"http:\/\/marburg.news\/index.php?rest_route=%2Fwp%2Fv2%2Fmedia&parent=12506"}],"wp:term":[{"taxonomy":"category","embeddable":true,"href":"http:\/\/marburg.news\/index.php?rest_route=%2Fwp%2Fv2%2Fcategories&post=12506"},{"taxonomy":"post_tag","embeddable":true,"href":"http:\/\/marburg.news\/index.php?rest_route=%2Fwp%2Fv2%2Ftags&post=12506"}],"curies":[{"name":"wp","href":"https:\/\/api.w.org\/{rel}","templated":true}]}}