{"id":12504,"date":"2023-05-03T19:50:00","date_gmt":"2023-05-03T17:50:00","guid":{"rendered":"http:\/\/marburg.news\/?p=12504"},"modified":"2023-05-03T19:50:00","modified_gmt":"2023-05-03T17:50:00","slug":"ausgesucht-cappel-entdeckt-die-oberstadt","status":"publish","type":"post","link":"http:\/\/marburg.news\/?p=12504","title":{"rendered":"Ausgesucht: Cappel entdeckt die Oberstadt"},"content":{"rendered":"<p>Gemeinsam haben Menschen aus Cappel die Oberstadt neu entdeckt. Rund 40 Personen waren mit dabei. <!--more--><br \/>\nDie Oberstadt ist Zentrum und Aush\u00e4ngeschild der Universit\u00e4tsstadt Marburg. Vor allem zahlreiche Touristinnen und Touristen zieht es j\u00e4hrlich in die historische Altstadt. Damit auch die Marburgerinnen und Marburger selbst ihre Oberstadt neu entdecken, hat die Stadt zu einer &#8222;Einkaufsaktion&#8220; eingeladen.<br \/>\nRund 40 Personen haben an der barrierefreien Aktion teilgenommen. &#8222;Viele wissen gar nicht, wie sich die Oberstadt ver\u00e4ndert hat&#8220;, sagte Quartiersmanagerin Nadine K\u00fcmmel als Zust\u00e4ndige f\u00fcr die Oberstadt. &#8222;Wir freuen uns, dass das Angebot so gut angenommen wird und wir die Besonderheiten der Oberstadt zeigen k\u00f6nnen.&#8220;<br \/>\nAufgrund vieler inhabergef\u00fchrter Gesch\u00e4fte verf\u00fcgt die Oberstadt \u00fcber ein vielf\u00e4ltiges Sortiment. Die Einkaufsaktion hatte das Oberstadtb\u00fcro gemeinsam mit der Cappeler Quartiersmanagerin Vanessa Martin organisiert. Daher waren vorerst B\u00fcrgerinnen und B\u00fcrger aus Cappel eingeladen, daran teilzunehmen.<br \/>\n&#8222;Meine Aufgabe ist es, die Menschen in Cappel zusammenzubringen und zu vernetzen&#8220;, erkl\u00e4rte Martin. &#8222;Daher hat es sehr gut gepasst, einen gemeinsamen Ausflug anzubieten, um sich und die Oberstadt kennenzulernen.&#8220;<br \/>\nF\u00fcr die Aktion wurde ein Bus geordert, der die Teilnehmenden von Cappel zur Oberstadt und zur\u00fcckbrachte. In der Oberstadt angekommen, gingen die Teilnehmenden in zwei Gruppen durch die Oberstadt. Die Rundg\u00e4nge begleiteten K\u00fcmmel und Martin, die w\u00e4hrenddessen die Aufgaben des jeweiligen Quartiersmanagements vorstellten.<br \/>\nAuch dabei waren je ein G\u00e4stef\u00fchrer von &#8222;Marburg Tourismus&#8220;. Neben historischen Wahrzeichen gab es zus\u00e4tzlich Informationen zur aktuellen Situation in der Oberstadt wie beispielsweise zu neuen Ladenkonzepten. Nach dem Besuch der Tourist-Information sowie weiterer Gesch\u00e4fte kamen die Gruppen zu einer gemeinsamen Pause mit Kaffee und Kuchen in einem Caf\u00e9 zusammen, um sich und die beiden Quartiersmanagerinnen kennenzulernen sowie um sich auszutauschen.<br \/>\nWer mochte, konnte die verbleibende Zeit bis zur R\u00fcckfahrt f\u00fcr einen Einkaufsbummel nutzen. Ein H\u00f6hepunkt f\u00fcr die Kinder waren die Bewegungsangebote von &#8222;KOMBINE&#8220;. W\u00e4hrend die Eltern Kaffee tranken und durch die Oberstadt bummelten, tobten sich die Kinder bei vielen Spielangeboten aus.<br \/>\nWer den ersten Ausflugstermin verpasst hat, kann sich f\u00fcr den zweiten Ausflug am Freitag (12. Mai) anmelden. Anmeldungen sind bis Montag (8. Mai) beim Quartiersmanagement Cappel unter 06421\/9 42 82 80 oder per Mail an gemeinsamincappel@marburg-stadt.de m\u00f6glich. Wenige Pl\u00e4tze sind noch frei.<br \/>\nWeitere Informationen gibt es bei Vanessa Martin vom Quartiersmanagement Cappel unter 06421\/9 42 82 80 oder gemeinsamincappel@marburg-stadt.de sowie auf <a href=\"www.marburg.de\/quartiersmanagement-cappel\">www.marburg.de\/quartiersmanagement-cappel<\/a>.<\/p>\n<p>* pm: Stadt Marburg<\/p>\n","protected":false},"excerpt":{"rendered":"<p>Gemeinsam haben Menschen aus Cappel die Oberstadt neu entdeckt. Rund 40 Personen waren mit dabei.<\/p>\n","protected":false},"author":2,"featured_media":0,"comment_status":"closed","ping_status":"open","sticky":false,"template":"","format":"standard","meta":{"advanced_seo_description":"","spay_email":"","jetpack_publicize_message":"","jetpack_is_tweetstorm":false,"jetpack_publicize_feature_enabled":true},"categories":[4],"tags":[637,382,4766],"jetpack_featured_media_url":"","jetpack_publicize_connections":[],"jetpack_sharing_enabled":true,"jetpack_shortlink":"https:\/\/wp.me\/p8mhvd-3fG","jetpack-related-posts":[{"id":15535,"url":"http:\/\/marburg.news\/?p=15535","url_meta":{"origin":12504,"position":0},"title":"Oberstadt besichtigen: Rundgang f\u00fcr Menschen von Richtsberg und Hansenhaus","date":"3. Mai 2024","format":false,"excerpt":"Die Oberstadt entdecken konnten Menschen von Richtsberg und Hansenhaus. Interessierte k\u00f6nnen sich jetzt f\u00fcr eine zweite Tour im Juni anmelden. Nicht alle Marburgerinnen und Marburger kennen die Oberstadt gut. Um dem abzuhelfen, gibt es besondere Einkaufstouren, auf denen Interessierte sie ganz neu entdecken. Im vergangenen Jahr war das Pilotprojekt mit\u2026","rel":"","context":"In &quot;Sonstiges&quot;","img":{"alt_text":"","src":"","width":0,"height":0},"classes":[]},{"id":10676,"url":"http:\/\/marburg.news\/?p=10676","url_meta":{"origin":12504,"position":1},"title":"F\u00f6rderprogramm f\u00fcr Oberstadt: 100 Interessierte beim B\u00fcrgerforum","date":"22. September 2022","format":false,"excerpt":"Rund 100 Interessierte haben sich beim B\u00fcrgerforum zur Oberstadt-Entwicklung informiert. Die Stadt m\u00f6chte Marburgs Altstadt nachhaltig und klimagerecht sanieren. Oberb\u00fcrgermeister Dr. Thomas Spies hat Eigent\u00fcmer, Anwohnende und Gewerbetreibende beim B\u00fcrgerforum \"Lebendige Oberstadt\" begr\u00fc\u00dft und das neue Anreizprogramm f\u00fcr nachhaltige und klimagerechte Sanierungsma\u00dfnahmen vorgestellt. Der Infomarkt bot den B\u00fcrger*innen einen \u00dcberblick\u2026","rel":"","context":"In &quot;Politik&quot;","img":{"alt_text":"","src":"","width":0,"height":0},"classes":[]},{"id":8194,"url":"http:\/\/marburg.news\/?p=8194","url_meta":{"origin":12504,"position":2},"title":"Offenes Oberstadtb\u00fcro: Neue Anlaufstelle an der Barf\u00fc\u00dferstra\u00dfe","date":"19. November 2021","format":false,"excerpt":"Die Stadt hat ein neues Oberstadtb\u00fcro an der Barf\u00fc\u00dferstra\u00dfe er\u00f6ffnet. Es ist eine zentrale Anlaufstelle mit offener Sprechstunde. Wer Fragen und Anregungen rund um die Entwicklung der Oberstadt hat, kann sich ab sofort im neuen Oberstadtb\u00fcro informieren. Oberb\u00fcrgermeister Dr. Thomas Spies hat die R\u00e4ume in der Barf\u00fc\u00dferstra\u00dfe 50 er\u00f6ffnet -\u2026","rel":"","context":"In &quot;Politik&quot;","img":{"alt_text":"","src":"","width":0,"height":0},"classes":[]},{"id":6246,"url":"http:\/\/marburg.news\/?p=6246","url_meta":{"origin":12504,"position":3},"title":"Ausgearbeitet: Stadt stellt Oberstadtkonzept online","date":"22. Dezember 2020","format":false,"excerpt":"\"Die Marburger Oberstadt - lebendig, l(i)ebenswert und vielf\u00e4ltig f\u00fcr Alle!\" lautet das Motto des neuen Oberstadtkonzepts. Ab sofort ist es im Internet abrufbar. Ein \"Oberstadtk\u00fcmmerer\" und weniger Barrieren auf dem Weg ins Quartier sind nur zwei von mehr als 100 Ma\u00dfnahmen im neuen Zukunftskonzept Oberstadt. Gut eineinhalb Jahre lang hat\u2026","rel":"","context":"In &quot;Politik&quot;","img":{"alt_text":"","src":"","width":0,"height":0},"classes":[]},{"id":9822,"url":"http:\/\/marburg.news\/?p=9822","url_meta":{"origin":12504,"position":4},"title":"In Mails: Neuer Newsletter informiert zur Oberstadt","date":"9. Juni 2022","format":false,"excerpt":"Einen neuen Newsletter mit Informationen rund um die Oberstadt verschickt die Stadt Marburg. Das hat sie am Donnerstag (9. Juni) mitgeteilt. Jeden Monat verschickt die Stadt Marburg nun ab sofort einen Oberstadt-Newsletter an alle Interessierten. Darin gibt es Informationen rund um die Entwicklung der Oberstadt. Zielgruppe sind insbesondere die Anwohnenden,\u2026","rel":"","context":"In &quot;Politik&quot;","img":{"alt_text":"","src":"","width":0,"height":0},"classes":[]},{"id":10960,"url":"http:\/\/marburg.news\/?p=10960","url_meta":{"origin":12504,"position":5},"title":"Lebensretter: Stadt wirbt f\u00fcr bessere Zufahrten in der Oberstadt","date":"20. Oktober 2022","format":false,"excerpt":"Die Marburger Oberstadt hat viele enge Gassen sowie Au\u00dfengastronomie und Lieferverkehr, die die Zufahrt im Notfall deutlich erschweren. Die Aktion \u201eDie Oberstadt macht Platz und rettet Leben\u201c will das verbessern. \u201eWenn Menschen in Not sind, z\u00e4hlt jede Sekunde.\u201c, erkl\u00e4rte Oberb\u00fcrgermeister Dr. Thomas Spies. \u201eDamit in der Marburger Oberstadt keine wertvollen\u2026","rel":"","context":"In &quot;Politik&quot;","img":{"alt_text":"","src":"","width":0,"height":0},"classes":[]}],"_links":{"self":[{"href":"http:\/\/marburg.news\/index.php?rest_route=\/wp\/v2\/posts\/12504"}],"collection":[{"href":"http:\/\/marburg.news\/index.php?rest_route=\/wp\/v2\/posts"}],"about":[{"href":"http:\/\/marburg.news\/index.php?rest_route=\/wp\/v2\/types\/post"}],"author":[{"embeddable":true,"href":"http:\/\/marburg.news\/index.php?rest_route=\/wp\/v2\/users\/2"}],"replies":[{"embeddable":true,"href":"http:\/\/marburg.news\/index.php?rest_route=%2Fwp%2Fv2%2Fcomments&post=12504"}],"version-history":[{"count":0,"href":"http:\/\/marburg.news\/index.php?rest_route=\/wp\/v2\/posts\/12504\/revisions"}],"wp:attachment":[{"href":"http:\/\/marburg.news\/index.php?rest_route=%2Fwp%2Fv2%2Fmedia&parent=12504"}],"wp:term":[{"taxonomy":"category","embeddable":true,"href":"http:\/\/marburg.news\/index.php?rest_route=%2Fwp%2Fv2%2Fcategories&post=12504"},{"taxonomy":"post_tag","embeddable":true,"href":"http:\/\/marburg.news\/index.php?rest_route=%2Fwp%2Fv2%2Ftags&post=12504"}],"curies":[{"name":"wp","href":"https:\/\/api.w.org\/{rel}","templated":true}]}}