{"id":12485,"date":"2023-05-01T17:50:00","date_gmt":"2023-05-01T15:50:00","guid":{"rendered":"http:\/\/marburg.news\/?p=12485"},"modified":"2023-05-07T19:09:27","modified_gmt":"2023-05-07T17:09:27","slug":"49-euro-den-monat-deutschlandticket-als-massnahme-zum-klimaschutz","status":"publish","type":"post","link":"http:\/\/marburg.news\/?p=12485","title":{"rendered":"49 Euro den Monat: Deutschlandticket als Ma\u00dfnahme zum Klimaschutz"},"content":{"rendered":"<p>Das &#8222;Deutschlandticket&#8220; ist nun unterwegs. Erster G\u00fcltigkeitstag war Montag (1. Mai). <!--more--><br \/>\nTausende haben das 49-Euro-Ticket bereits gekauft. Nach Angaben des Verbands Deutscher Verkehrsunternehmen (VDV) wurden bisher rund 3,5 Millionen Abonnements f\u00fcr das sogenannte &#8222;Deutschlandticket&#8220; verkauft. Etwa 750.000 davon haben sich Menschen zugelegt, die bisher kein Abo f\u00fcr den \u00d6ffentlichen Personennahverkehr (\u00d6PNV) besa\u00dfen.<br \/>\nF\u00fcr alle Nutzerinnen und Nutzer des Marburger Stadtbusverkehrs ist das 49-Euro-Ticket g\u00fcnstiger als ihre bisherige Monatskarte. Noch deutlicher ist der Preisunterschied f\u00fcr Fahrg\u00e4ste, die aus Umlandgemeinden wie Gladenbach in die Stadt einpendeln. Sie sparen mitunter mehr als 100 Euro im Monat, wenn sie das g\u00fcnstigere &#8222;Deutschlandticket&#8220; abonnieren.<br \/>\nAllerdings verl\u00e4ngert sich dessen G\u00fcltigkeit automatisch, wenn man es nicht zum Monatsende k\u00fcndigt. Daf\u00fcr bekommen beispielsweise Teilnehmerinnen und Teilnehmer an Sprachkursen f\u00fcr Gefl\u00fcchtete die 49 Euro monatlich in der Regel vom Bundesamt f\u00fcr Migration und Fl\u00fcchtlinge (BAMF) erstattet.<br \/>\nMit dem sogenannten &#8222;Deutschlandticket&#8220; k\u00f6nnen seine Inhaberinnen und Inhaber den \u00d6PNV in ganz Deutschland benutzen. Nicht eingeschlossen ist jedoch der Fernverkehr der Deutschen Bahn AG (DB AG) sowie andere Fernverbindungen mit Bahn und Bus wie beispielsweise &#8222;Flixbus&#8220;. Daf\u00fcr m\u00fcssen die Ticketbesitzer dann ebenso extra zahlen wie f\u00fcr Schiffs- und Flugverkehr mit Ausnahme von F\u00e4hrverbindungen, die im Tarifbereich von Verkehrsverb\u00fcnden eingeschlossen sind.<br \/>\nDas 49-Euro-Ticket ist ein erster Schritt hin zur Verkehrswende. Ausreichend f\u00fcr ein Umsteuern ist es allerdings nicht. Weitere Ma\u00dfnahmen wie ein Tempolimit auf Autobahnen, das Verbot klimasch\u00e4dlicher Verbrennungsmotoren und eine Verknappung des Parkraums in Innenst\u00e4dten f\u00fcr Autos von Nichtbehinderten m\u00fcssen auf jeden Fall hinzukommen.<br \/>\nEin fader Beigeschmack des Fahrscheins ist auch, dass er zu teuer ist f\u00fcr Menschen mit geringen Einkommen. So sollte die Stadt Marburg dar\u00fcber nachdenken, ob sie dieses Ticket nicht erheblich verg\u00fcnstigt ausgeben k\u00f6nnte an die Inhaberinnen und Inhaber des Stadtpasses. Das Land Hessen k\u00f6nnte das &#8222;Hessenticket&#8220; auch automatisch zum &#8222;Deutschlandticket&#8220; erweitern, ohne den Preis von 31 Euro monatlich anzuheben oder den Aufpreis von 18 Euro &#8211; wie bisher &#8211; den betreffenden Abonnentinnen und Abonnenten in Rechnung zu stellen.<br \/>\n\u00c4rgerlich ist auch die Fixierung des neuen Tickets auf die Ausgabe als digitaler Fahrschein. Einerseits erh\u00f6ht das die Gefahr eines Datenmissbrauchs und einer fl\u00e4chendeckenden \u00dcberwachung der Fahrg\u00e4ste; andererseits grenzt es Digitalverweigerer oder Menschen mit Beeintr\u00e4chtigungen m\u00f6glicherweise aus. Zum Gl\u00fcck gibt es das &#8222;Deutschlandticket&#8220; in Marburg aber auch als elektronische Fahrkarte und nicht nur auf dem Handy.<br \/>\nGro\u00dfes Lob geb\u00fchrt in diesem Zusammenhang dem Kundenzentrum der Stadtwerke Marburg (SWM) am Erlenring. Geduldig haben sich die Mitarbeiterinnen und Mitarbeiter dort ihrer Kundschaft gewidmet und alle freundlich beraten. Auch ihre Arbeit ist so zu einer engagierten Leistung f\u00fcr die n\u00f6tige Verkehrswende und den nachhaltigen Klimaschutz geworden.<\/p>\n<p>* Franz-Josef Hanke<\/p>\n","protected":false},"excerpt":{"rendered":"<p>Das &#8222;Deutschlandticket&#8220; ist nun unterwegs. Erster G\u00fcltigkeitstag war Montag (1. Mai).<\/p>\n","protected":false},"author":2,"featured_media":0,"comment_status":"closed","ping_status":"open","sticky":false,"template":"","format":"standard","meta":{"advanced_seo_description":"","spay_email":"","jetpack_publicize_message":"","jetpack_is_tweetstorm":false,"jetpack_publicize_feature_enabled":true},"categories":[2,4],"tags":[4998,102,1983],"jetpack_featured_media_url":"","jetpack_publicize_connections":[],"jetpack_sharing_enabled":true,"jetpack_shortlink":"https:\/\/wp.me\/p8mhvd-3fn","jetpack-related-posts":[{"id":12505,"url":"http:\/\/marburg.news\/?p=12505","url_meta":{"origin":12485,"position":0},"title":"Ausgerechnet: Angela Dorn lobt 49-Euro-Ticket","date":"3. Mai 2023","format":false,"excerpt":"Pendlerinnen und Pendler im Landkreis profitieren vom \"Deutschlandticket\". Darauf hat die Marburger Landtagsabgeordnete Angela Dorn hingewiesen. Am Montag (1. Mai) ist die G\u00fcltigkeit des \"Deutschlandtickets\" gestartet. Jetzt hei\u00dft es f\u00fcr alle: \"Bezahlbar mobil sein im Landkreis Marburg-Biedenkopf und in ganz Deutschland!\". Die GR\u00dcNE Vision eines g\u00fcnstigen B\u00fcrgertickets f\u00fcr Busse und\u2026","rel":"","context":"In &quot;Politik&quot;","img":{"alt_text":"","src":"","width":0,"height":0},"classes":[]},{"id":15412,"url":"http:\/\/marburg.news\/?p=15412","url_meta":{"origin":12485,"position":1},"title":"Zur Verg\u00fcnstigung: Der Stadtpass hei\u00dft k\u00fcnftig MarburgPass","date":"16. April 2024","format":false,"excerpt":"Der Stadtpass wird zum \"MarburgPass\" - mit mehr Angeboten f\u00fcr mehr Menschen. Busfahren, Deutschlandticket und Kinobesuche bekommen sie g\u00fcnstiger. Der Stadtpass der Universit\u00e4tsstadt Marburg hei\u00dft jetzt \"MarburgPass\". Mit der Umbenennung kommen viele Verbesserungen: Der Kreis der Anspruchsberechtigten ist deutlich gr\u00f6\u00dfer. Statt 1.700 haben nun rund 3.000 Menschen Anspruch darauf. Au\u00dferdem\u2026","rel":"","context":"In &quot;Soziales&quot;","img":{"alt_text":"","src":"","width":0,"height":0},"classes":[]},{"id":17709,"url":"http:\/\/marburg.news\/?p=17709","url_meta":{"origin":12485,"position":2},"title":"Bahn frei: Statt mit dem Zug im Bus bis Niederwalgern","date":"22. M\u00e4rz 2025","format":false,"excerpt":"Ein Wochenende lang ist Marburg vom Bahnverkehr abgeschnitten. Grund ist ein Br\u00fcckenabriss. Die Br\u00fccke der Neuen Kasseler Stra\u00dfe \u00fcber die Bahnstrecke von Marburg nach C\u00f6lbe ist marode. Sie wird zwischen Freitag (21. M\u00e4rz) und Sonntag (23. M\u00e4rz) abgerissen. Daf\u00fcr muss die Deutsche Bahn AG (DB AG) den gesamten Schienenverkehr auf\u2026","rel":"","context":"In &quot;Politik&quot;","img":{"alt_text":"","src":"","width":0,"height":0},"classes":[]},{"id":19198,"url":"http:\/\/marburg.news\/?p=19198","url_meta":{"origin":12485,"position":3},"title":"Im Stadtbus: Ver\u00e4nderungen bei Preis, Fahrplan und Fahrgastinformation","date":"11. Dezember 2025","format":false,"excerpt":"\u00fcber anstehende \u00c4nderungen zum Fahrplanwechsel am Sonntag (14. Dezember) haben die Stadtwerke Marburg (SWM) informiert. Zudem stehen Ver\u00e4nderungen in der Fahrgastinformation und neue Preise ab dem 1. Januar 2026 an. Mit dem Fahrplanwechsel am Sonntag (14. Dezember) schlagen die SWM ein neues Kapitel der Fahrgastinformation auf. Die \u00c4ra der gedruckten\u2026","rel":"","context":"In &quot;Soziales&quot;","img":{"alt_text":"","src":"","width":0,"height":0},"classes":[]},{"id":4430,"url":"http:\/\/marburg.news\/?p=4430","url_meta":{"origin":12485,"position":4},"title":"Gemeinsame Bewerbung: Zwei Landkreise f\u00fcr 365-Euro-Ticket","date":"20. November 2019","format":false,"excerpt":"Die Kreise Marburg-Biedenkopf und Siegen-Wittgenstein wollen gemeinsam eine Modellregion f\u00fcr die Einf\u00fchrung eines 365-Euro-\u00d6PNV-Tickets werden. Das schlugen Landr\u00e4tin Kirsten Fr\u00fcndt und der Landrat Andreas M\u00fcller am Mittwoch (20. November) vor. Sie m\u00f6chten eine gemeinsame Bewerbung auf den Weg bringen. \"Unsere Bewerbung hat viele Alleinstellungsmerkmale, die andere Regionen nicht aufweisen k\u00f6nnen\",\u2026","rel":"","context":"In &quot;Politik&quot;","img":{"alt_text":"","src":"","width":0,"height":0},"classes":[]},{"id":16849,"url":"http:\/\/marburg.news\/?p=16849","url_meta":{"origin":12485,"position":5},"title":"Marburg macht Zukunft: Weitere 50 Pr\u00e4mienf\u00fcr ein Jahr ohne Auto","date":"7. November 2024","format":false,"excerpt":"Marburg f\u00f6rdert weitere 50 Mal \"Ein Jahr ohne Privatauto\". Daf\u00fcr zahlt die Stadt eine Pr\u00e4mie f\u00fcr Carsharing, Bus, Bahn und Einkaufen. Es war ein Test - mit gro\u00dfem Erfolg: Im Juni hat die Stadt Marburg ein Anreizprogramm gestartet f\u00fcr 50 Marburgerinnen und Marburger, die ein Jahr auf ihr privates Auto\u2026","rel":"","context":"In &quot;Politik&quot;","img":{"alt_text":"","src":"","width":0,"height":0},"classes":[]}],"_links":{"self":[{"href":"http:\/\/marburg.news\/index.php?rest_route=\/wp\/v2\/posts\/12485"}],"collection":[{"href":"http:\/\/marburg.news\/index.php?rest_route=\/wp\/v2\/posts"}],"about":[{"href":"http:\/\/marburg.news\/index.php?rest_route=\/wp\/v2\/types\/post"}],"author":[{"embeddable":true,"href":"http:\/\/marburg.news\/index.php?rest_route=\/wp\/v2\/users\/2"}],"replies":[{"embeddable":true,"href":"http:\/\/marburg.news\/index.php?rest_route=%2Fwp%2Fv2%2Fcomments&post=12485"}],"version-history":[{"count":2,"href":"http:\/\/marburg.news\/index.php?rest_route=\/wp\/v2\/posts\/12485\/revisions"}],"predecessor-version":[{"id":12544,"href":"http:\/\/marburg.news\/index.php?rest_route=\/wp\/v2\/posts\/12485\/revisions\/12544"}],"wp:attachment":[{"href":"http:\/\/marburg.news\/index.php?rest_route=%2Fwp%2Fv2%2Fmedia&parent=12485"}],"wp:term":[{"taxonomy":"category","embeddable":true,"href":"http:\/\/marburg.news\/index.php?rest_route=%2Fwp%2Fv2%2Fcategories&post=12485"},{"taxonomy":"post_tag","embeddable":true,"href":"http:\/\/marburg.news\/index.php?rest_route=%2Fwp%2Fv2%2Ftags&post=12485"}],"curies":[{"name":"wp","href":"https:\/\/api.w.org\/{rel}","templated":true}]}}