{"id":12274,"date":"2023-03-31T18:08:06","date_gmt":"2023-03-31T16:08:06","guid":{"rendered":"http:\/\/marburg.news\/?p=12274"},"modified":"2023-03-31T18:08:06","modified_gmt":"2023-03-31T16:08:06","slug":"leicht-gedacht-delegation-wuerdigte-opfer-von-massaker","status":"publish","type":"post","link":"http:\/\/marburg.news\/?p=12274","title":{"rendered":"Leicht gedacht: Delegation w\u00fcrdigte Opfer von Massaker"},"content":{"rendered":"<p>Eine Delegation hat die Stadt bei einer Veranstaltung in Ruhla-Thal vertreten. Sie diente dem Gedenken der Opfer des Massakers von Mechterst\u00e4dt. <!--more--><br \/>\nMarburger Korpsstudenten ermordeten am 25. M\u00e4rz 1920 bei Mechterst\u00e4dt 15 Arbeiter. Der Opfer dieses Massakers gedachte eine Delegation aus Marburg mit einer Kranzniederlegung auf dem Friedhof in Ruhla-Thal. Dort erinnert ein Denkmal an die Ermordeten.<br \/>\n&#8222;Der antidemokratische &#8211; auch antisemitische &#8211; Geist und die Verachtung f\u00fcr die Arbeiterbewegung, die das Marburg der Weimarer Republik leider stark pr\u00e4gten, d\u00fcrfen nicht vergessen werden&#8220;, sagte Michael Heiny von der Marburger Geschichtswerkstatt bei der Gedenkveranstaltung am Denkmal f\u00fcr die Opfer des Massakers von Mechterst\u00e4dt. Der ehrenamtliche Stadtrat Henning K\u00f6ster vertrat bei der Gedenkstunde Oberb\u00fcrgermeister Dr. Thomas Spies und legte im Namen des Magistrats der Universit\u00e4tsstadt Marburg einen Kranz nieder. Ebenso nahmen aus Marburg Bettina Heiland und Harald Maier-Metz von der Geschichtswerkstatt teil.<br \/>\nDer Marburger Verein erforscht bereits seit Ende der 90e Jahre die Ereignisse und hat wichtige Impulse f\u00fcr die Einbeziehung Marburgs gegeben.<br \/>\n&#8222;Auch, wenn die damaligen Ereignisse nun schon mehr als 100 Jahre zur\u00fcckliegen, geh\u00f6ren die Morde von Mechterst\u00e4dt zu den Vorkommnissen, die ihre Aktualit\u00e4t nicht verlieren&#8220;, sagte Heiny. &#8222;Im Gegenteil. Gerade in diesem Jahr &#8211; dem 90. Jahrestag des Beginns der Nazi-Herrschaft &#8211; muss an Kontinuit\u00e4ten rechten Gedankenguts und rechter Verbrechen erinnert werden.&#8220;<br \/>\nAuch die Universit\u00e4t lie\u00df durch das Pr\u00e4sidium einen Kranz mit Gedenkschleife vor Ort niederlegen. Bei der Gedenkstunde zugegen waren auch die neue th\u00fcringische Justizministerin Doreen Denst\u00e4dt und Staatssekret\u00e4rin Meike Herz.<br \/>\nHeiny als Vertreter der Geschichtswerkstatt verwies auf die erst seit einigen Jahren erforschte Dokumentation der Absprachen unter den f\u00fcr das Massaker Angeklagten, vor allem aber zwischen Verteidigung und Gericht, die den Prozess zu einer Farce machten. Ministerin Denst\u00e4dt interessierte sich in ihrer Ansprache vor allem f\u00fcr diese juristische Dimension des Massakers von Mechterst\u00e4dt und regte dazu eine Veranstaltung an.<br \/>\nDieser Tenor zog sich auch durch die Redebeitr\u00e4ge von B\u00fcrgermeister Dr. Slotosch und Altb\u00fcrgermeister Hans-Joachim Ziegler, die die Anwesenheit der Marburger G\u00e4ste w\u00fcrdigten. &#8222;Wir wurden herzlich empfangen&#8220;, berichtete K\u00f6ster.<br \/>\nNach der Veranstaltung entspann sich ein lebhafter Gedankenaustausch mit dem Ergebnis, f\u00fcr 2024 eine gr\u00f6\u00dfere Gedenkfeier anzustreben &#8211; unter Einbeziehung von Beitr\u00e4gen vom Albert-Schweitzer-Gymnasium aus Ruhla, die schon urspr\u00fcnglich f\u00fcr 2020 vorgesehen worden waren. &#8222;Es sollten hier in Marburg dann ebenfalls Schulen gebeten werden, einen Beitrag zu leisten&#8220;, begr\u00fc\u00dfte Oberb\u00fcrgermeister Dr. Spies diese Initiative.<\/p>\n<p>* pm: Stadt Marburg<\/p>\n","protected":false},"excerpt":{"rendered":"<p>Eine Delegation hat die Stadt bei einer Veranstaltung in Ruhla-Thal vertreten. Sie diente dem Gedenken der Opfer des Massakers von Mechterst\u00e4dt.<\/p>\n","protected":false},"author":2,"featured_media":0,"comment_status":"closed","ping_status":"open","sticky":false,"template":"","format":"standard","meta":{"advanced_seo_description":"","spay_email":"","jetpack_publicize_message":"","jetpack_is_tweetstorm":false,"jetpack_publicize_feature_enabled":true},"categories":[5,2],"tags":[4919,4920,3925],"jetpack_featured_media_url":"","jetpack_publicize_connections":[],"jetpack_sharing_enabled":true,"jetpack_shortlink":"https:\/\/wp.me\/p8mhvd-3bY","jetpack-related-posts":[{"id":19828,"url":"http:\/\/marburg.news\/?p=19828","url_meta":{"origin":12274,"position":0},"title":"Unvergesslich: Erinnerung an orde von Mechterst\u00e4dt","date":"2. April 2026","format":false,"excerpt":"Die Erinnerung an die Opfer der Morde von Mechterst\u00e4dt geh\u00f6rt zum festen Bestandteil der Marburger Gedenkkultur. Daf\u00fcr ist eine Delegation nach Ruhla in Th\u00fcringen gefahren. Seit vielen Jahren schon geh\u00f6rt das Gedenken an die Morde von Mechterst\u00e4dt zur Aufarbeitungskultur in Marburg. Studenten und Mitglieder eines milit\u00e4rischen Freikorps der Philipps-Universit\u00e4t Marburg\u2026","rel":"","context":"In &quot;Bildung&quot;","img":{"alt_text":"","src":"","width":0,"height":0},"classes":[]},{"id":17766,"url":"http:\/\/marburg.news\/?p=17766","url_meta":{"origin":12274,"position":1},"title":"Gro\u00dfm\u00fctiges Gedenken: Marburg erinnert an Morde von Mechterst\u00e4dt","date":"1. April 2025","format":false,"excerpt":"Die Opfer der Morde von Mechterst\u00e4dt sind nicht vergessen. Eine Delegation aus Marburg reiste zur Gedenkfeier nach Th\u00fcringen. Studenten und Mitglieder eines milit\u00e4rischen Freikorps der Philipps-Universit\u00e4t erschossen im M\u00e4rz 1920 in der N\u00e4he von Mechterst\u00e4dt 15 gefangengenommene Arbeiter aus der Gemeinde Thal. F\u00fcr die Get\u00f6teten gibt es auf dem Friedhof\u2026","rel":"","context":"In &quot;Politik&quot;","img":{"alt_text":"","src":"","width":0,"height":0},"classes":[]},{"id":9135,"url":"http:\/\/marburg.news\/?p=9135","url_meta":{"origin":12274,"position":2},"title":"Gedenktag 25. M\u00e4rz: Erinnerung an ermordete Arbeiter","date":"29. M\u00e4rz 2022","format":false,"excerpt":"Marburger Studenten haben am 25. M\u00e4rz 1920 im th\u00fcringischen Mechterst\u00e4dt 15 Arbeiter erschossen. Ihnen zum Gedenken fand am Freitag (25. M\u00e4rz) eine Gedenkstunde statt. Magistratsmitglied Henning K\u00f6ster hat die Universit\u00e4tsstadt Marburg in Mechterst\u00e4dt vertreten. Die Gedenkstunde fand auf dem Friedhof im nahegelegenen Ort Thal statt. \u201eGeschichte braucht Aufarbeiten und Erinnern,\u2026","rel":"","context":"In &quot;Politik&quot;","img":{"alt_text":"","src":"","width":0,"height":0},"classes":[]},{"id":15295,"url":"http:\/\/marburg.news\/?p=15295","url_meta":{"origin":12274,"position":3},"title":"Gesprochen: Henning K\u00f6ster gedachte der Opfer von Mechterst\u00e4dt","date":"28. M\u00e4rz 2024","format":false,"excerpt":"Im Auftrag des Magistrats hat Stadtrat Henning K\u00f6ster am Montag (25. M\u00e4rz) auf den Friedhof in Thal ein Gru\u00dfwort gesprochen. Dabei wurde der Opfer der \"Morde von Mechterst\u00e4dt gedacht. Auf Einladung des Ruhlaer B\u00fcrgermeisters Dr. Slotosch hat K\u00f6ster zusammen mit Bettina Heiland und Michael Heiny von der Marburger Geschichtswerkstatt an\u2026","rel":"","context":"In &quot;Bildung&quot;","img":{"alt_text":"","src":"","width":0,"height":0},"classes":[]},{"id":772,"url":"http:\/\/marburg.news\/?p=772","url_meta":{"origin":12274,"position":4},"title":"Faschistische Studenten: HU f\u00fcr Mahnmal am K\u00e4mpfrasen","date":"29. Juni 2017","format":false,"excerpt":"F\u00fcr ein Mahnmal gegen Faschismus am K\u00e4mpfrasen spricht sich die Humanistische Union (HU) aus. Gleich zweimal hat der Platz hinter der Marburger J\u00e4gerkaserne f\u00fcr Aufm\u00e4rsche faschistischer Studenten gedient. Daran soll ein deutlich sichtbares Denkmal erinnern. Im M\u00e4rz 1920 brachen vom K\u00e4mpfrasen studentische Freicorps nach Th\u00fcringen auf, um dort Arbeiteraufst\u00e4nde blutig\u2026","rel":"","context":"In &quot;Politik&quot;","img":{"alt_text":"","src":"","width":0,"height":0},"classes":[]},{"id":7653,"url":"http:\/\/marburg.news\/?p=7653","url_meta":{"origin":12274,"position":5},"title":"Kunstvoll kreiert: Mahnmal f\u00fcr Opfer der Marburger J\u00e4ger","date":"24. August 2021","format":false,"excerpt":"Heiko H\u00fcnnerkopf gestaltet eine Dialog-Installation im Gedenken an die Opfer der \"Marburger J\u00e4ger\". Die \"Marburger J\u00e4ger\" waren im 19. und 20. Jahrhundert unter anderem an der Ermordung der Herero und Nama in Namibia und an Kriegsverbrechen in Belgien beteiligt. Die Kunstinstallation \"Verblendung\" von Heiko H\u00fcnnerkopf setzt daher nun im Sch\u00fclerpark\u2026","rel":"","context":"In &quot;Kultur&quot;","img":{"alt_text":"","src":"","width":0,"height":0},"classes":[]}],"_links":{"self":[{"href":"http:\/\/marburg.news\/index.php?rest_route=\/wp\/v2\/posts\/12274"}],"collection":[{"href":"http:\/\/marburg.news\/index.php?rest_route=\/wp\/v2\/posts"}],"about":[{"href":"http:\/\/marburg.news\/index.php?rest_route=\/wp\/v2\/types\/post"}],"author":[{"embeddable":true,"href":"http:\/\/marburg.news\/index.php?rest_route=\/wp\/v2\/users\/2"}],"replies":[{"embeddable":true,"href":"http:\/\/marburg.news\/index.php?rest_route=%2Fwp%2Fv2%2Fcomments&post=12274"}],"version-history":[{"count":0,"href":"http:\/\/marburg.news\/index.php?rest_route=\/wp\/v2\/posts\/12274\/revisions"}],"wp:attachment":[{"href":"http:\/\/marburg.news\/index.php?rest_route=%2Fwp%2Fv2%2Fmedia&parent=12274"}],"wp:term":[{"taxonomy":"category","embeddable":true,"href":"http:\/\/marburg.news\/index.php?rest_route=%2Fwp%2Fv2%2Fcategories&post=12274"},{"taxonomy":"post_tag","embeddable":true,"href":"http:\/\/marburg.news\/index.php?rest_route=%2Fwp%2Fv2%2Ftags&post=12274"}],"curies":[{"name":"wp","href":"https:\/\/api.w.org\/{rel}","templated":true}]}}