{"id":12270,"date":"2023-03-31T11:25:54","date_gmt":"2023-03-31T09:25:54","guid":{"rendered":"http:\/\/marburg.news\/?p=12270"},"modified":"2023-03-31T11:25:54","modified_gmt":"2023-03-31T09:25:54","slug":"leicht-gefoerdert-inklusive-kinder-und-jugendarbeit-in-hessen","status":"publish","type":"post","link":"http:\/\/marburg.news\/?p=12270","title":{"rendered":"Leicht gef\u00f6rdert: Inklusive Kinder- und Jugendarbeit in Hessen"},"content":{"rendered":"<p>Mit 130.000 Euro f\u00f6rdert das Land die inklusive Ausrichtung mehrerer Projekte der Kinder- und Jugendhilfe. Darunter sind auch Vorhaben in Marburg. <!--more--><br \/>\nMit dem 2021 in Kraft getretenen Kinder- und Jugendst\u00e4rkungsgesetz wurde das Ziel der inklusiven Ausrichtung der Kinder- und Jugendhilfe im Sozialgesetzbuch VIII verankert. Daf\u00fcr f\u00f6rdert die Hessische Landesregierung im Jahr 2023 insgesamt 13 Projekte der Kinder- und Jugendhilfe mit inklusiver Ausrichtung mit insgesamt knapp 130.000 Euro. &#8222;Wir begleiten so die inklusive Aufstellung der Kinder- und Jugendhilfe in Hessen und unterst\u00fctzen die Jugend\u00e4mter und freien Tr\u00e4ger dabei, ihre Leistungen und Angebote f\u00fcr junge Menschen entsprechend auszurichten&#8220;, erl\u00e4uterte Sozial- und Integrationsminister Kai Klose.<br \/>\nIm Rahmen des aktuellen F\u00f6rderprogramms konnte sowohl f\u00fcr Projekte zur konkreten Umsetzung von Leistungen und Angeboten mit inklusiver Ausrichtung &#8211; zum Beispiel inklusive Kinder- und Jugendfreizeiten &#8211; als auch f\u00fcr Vorhaben zur Konzeptentwicklung sowie f\u00fcr Fortbildungen und Fachtage Unterst\u00fctzung beantragt werden. &#8222;Die hohe Nachfrage zeigt, dass sich Kommunen und Tr\u00e4ger intensiv mit dem Entwicklungsprozess befassen&#8220;, erkl\u00e4rte Klose. &#8222;Die gef\u00f6rderten Projekte bilden die ganze Bandbreite der Jugendhilfe und der Tr\u00e4ger der Jugendhilfe ab &#8211; von der Jugendarbeit \u00fcber ambulante Hilfen zur Erziehung bis zu station\u00e4ren Einrichtungen.&#8220;<br \/>\nZus\u00e4tzlich f\u00f6rdert Hessen seit 2022 die praxisorientierte Studie &#8222;Jugendliche mit Behinderungen &#8211; Teilhabe an Freizeit erm\u00f6glichen&#8220; der University of Applied Sciences in Frankfurt sowie zwei Projekte, die Transformationsprozesse in der Verwaltung modellhaft in zwei Jugend\u00e4mtern begleiten. Gef\u00f6rdert werden &#8211; Leistungen und Angebote mit inklusiver Ausrichtung:<br \/>\nDer Hessische Jugendring hat in seinem Projekt die Einrichtung einer Projektstelle zur Konzeption von Modellprojekten beantragt. Ziel des Projekts ist die Entwicklung eines Modellprojekts f\u00fcr die Mitgliedsverb\u00e4nde des HJR und Partnerorganisationen aus dem Feld der Arbeit mit jungen Menschen mit Behinderung.<br \/>\nIm Projekt &#8222;Alle dabei &#8211; Welche Bedarfe haben Jugendliche mit Behinderung im Freizeitbereich?&#8220; plant der Fachdienst Jugendf\u00f6rderung der Stadt Marburg in Kooperation mit dem Verein zur F\u00f6rderung bewegungs- und sportorientierter Jugendsozialarbeit (bsj Marburg) eine Befragung von Kindern und Jugendlichen zwischen elf und 25 Jahren mit k\u00f6rperlicher oder geistiger Beeintr\u00e4chtigung im Sozialraum Marburg und ihrer Bezugspersonen. Mit der Befragung soll herausgearbeitet werden, welche W\u00fcnsche und Bedarfe die Kinder und Jugendlichen hinsichtlich ihrer au\u00dferschulischen Freizeitgestaltung haben.<br \/>\nDer St.-Elisabeth-Verein Marburg plant die Durchf\u00fchrung eines Fachtags &#8222;Inklusive Jugendhilfe&#8220; f\u00fcr alle rund 700 p\u00e4dagogisch Mitarbeitenden des Tr\u00e4gers. Der Fachtag soll als Ansto\u00df zu einer Konzeptentwicklung zur inklusiven Ausrichtung der verschiedenen Angebote des Vereins dienen.<\/p>\n<p>* pm: Hessisches Ministerium f\u00fcr Soziales und Integration<\/p>\n","protected":false},"excerpt":{"rendered":"<p>Mit 130.000 Euro f\u00f6rdert das Land die inklusive Ausrichtung mehrerer Projekte der Kinder- und Jugendhilfe. Darunter sind auch Vorhaben in Marburg.<\/p>\n","protected":false},"author":2,"featured_media":0,"comment_status":"closed","ping_status":"open","sticky":false,"template":"","format":"standard","meta":{"advanced_seo_description":"","spay_email":"","jetpack_publicize_message":"","jetpack_is_tweetstorm":false,"jetpack_publicize_feature_enabled":true},"categories":[5,4],"tags":[59,174,173],"jetpack_featured_media_url":"","jetpack_publicize_connections":[],"jetpack_sharing_enabled":true,"jetpack_shortlink":"https:\/\/wp.me\/p8mhvd-3bU","jetpack-related-posts":[{"id":19947,"url":"http:\/\/marburg.news\/?p=19947","url_meta":{"origin":12270,"position":0},"title":"Am Teilhaberecht: Inklusion darf kein Sparmodell werden","date":"27. April 2026","format":false,"excerpt":"Inklusion darf kein Sparmodell werden. Davor hat die Lebenshilfe in einer Bundestagsanh\u00f6rung gewarnt. Die Rechte von Kindern und Jugendlichen mit Behinderung d\u00fcrfen nicht zugunsten pauschaler L\u00f6sungen und Kostend\u00e4mpfungseffekten geschw\u00e4cht werden. Das hat die Bundesvereinigung Lebenshilfe am Montag (27. April) gefordert. Kinder und Jugendliche mit Behinderung und ihre Familien warten schon\u2026","rel":"","context":"In &quot;Politik&quot;","img":{"alt_text":"","src":"","width":0,"height":0},"classes":[]},{"id":7144,"url":"http:\/\/marburg.news\/?p=7144","url_meta":{"origin":12270,"position":1},"title":"Angefangen: Stadt unterst\u00fctzt Hilfe f\u00fcr Familien","date":"2. Juni 2021","format":false,"excerpt":"\"Marburg Miteinander f\u00fcr Kinder, Jugend und Familien\" hei\u00dft ein neues Programm. Die Stadt spendiert 500.000 Euro f\u00fcr freie Jugendhilfe, Vereine und Verb\u00e4nde. Isolation, Vereinsamung und soziale Distanz sind Folgen der Corona-Pandemie f\u00fcr viele Kinder, Jugendliche und deren Familien. Die Stadt Marburg will dem mit einem Unterst\u00fctzungsfonds in H\u00f6he von 500.000\u2026","rel":"","context":"In &quot;Soziales&quot;","img":{"alt_text":"","src":"","width":0,"height":0},"classes":[]},{"id":9592,"url":"http:\/\/marburg.news\/?p=9592","url_meta":{"origin":12270,"position":2},"title":"Orte der Aktion: Fachtag f\u00fcr Nachwuchs in der Jugendhilfe","date":"19. Mai 2022","format":false,"excerpt":"Einblicke in ihre Arbeit bei der station\u00e4ren Jugendhilfe haben junge Fachkr\u00e4fte bei einem Fachtag f\u00fcr den Nachwuchs gegeben. Dieses Angebot ist einmalig in Hessen. Beim Fachtag \"Stark Nachgefragt - Perspektiven der zuk\u00fcnftigen Fachkr\u00e4fte\" haben sich die Teilnehmenden mit jungen Fachkr\u00e4ften aus Jugendhilfeeinrichtungen ausgetauscht, um ein realistisches Bild dieser beruflichen Perspektive\u2026","rel":"","context":"In &quot;Bildung&quot;","img":{"alt_text":"","src":"","width":0,"height":0},"classes":[]},{"id":15867,"url":"http:\/\/marburg.news\/?p=15867","url_meta":{"origin":12270,"position":3},"title":"Leben und Lebenshilfe: Deutschland muss endlich inklusiver werden","date":"25. Juni 2024","format":false,"excerpt":"\"Deutschland muss endlich inklusiver werden!\" Das hat die Lebenshilfe am Dienstag (25. Juni) gefordert. 30 Jahre nach Verankerung des Benachteiligungsverbots f\u00fcr Menschen mit Behinderung im Grundgesetz (GG) zog die BVLH-Bundesvorsitzende Ulla Schmidt eine ern\u00fcchternde Bilanz. Am 30. Juni 1994 hat der Deutsche Bundestag beschlossen, den Satz \"Niemand darf wegen seiner\u2026","rel":"","context":"In &quot;Soziales&quot;","img":{"alt_text":"","src":"","width":0,"height":0},"classes":[]},{"id":12978,"url":"http:\/\/marburg.news\/?p=12978","url_meta":{"origin":12270,"position":4},"title":"Initiierte Inklusion: Befragung von Jugendlichen mit Beeintr\u00e4chtigungen","date":"22. Juni 2023","format":false,"excerpt":"\"Alle dabei!\" hei\u00dft eine Befragung zum Freizeitbedarf von Jugendlichen mit Beeintr\u00e4chtigung. Sie l\u00e4uft \u00fcber das Internet und pers\u00f6nliche Treffen. Unter dem Titel \"Alle dabei!\" l\u00e4uft eine Erhebung zum Freizeitbedarf von Jugendlichen mit Beeintr\u00e4chtigung im Alter von 11 bis 25 Jahren in Marburg und Umgebung. Die Erhebung setzt sich aus einem\u2026","rel":"","context":"In &quot;Kultur&quot;","img":{"alt_text":"","src":"","width":0,"height":0},"classes":[]},{"id":5070,"url":"http:\/\/marburg.news\/?p=5070","url_meta":{"origin":12270,"position":5},"title":"Zwei neue Zug\u00e4nge: Kinder- und Jugendhilfe online und telefonisch","date":"5. Mai 2020","format":false,"excerpt":"Der Druck auf die Familien w\u00e4chst. Die Nerven liegen blank, je l\u00e4nger Eltern und Kinder auf die \u00d6ffnung von Schulen und Kitas warten m\u00fcssen. Trotz aller Beschr\u00e4nkungen des \u00f6ffentlichen Lebens h\u00e4lt der Fachbereich Kinder, Jugend und Familie der Universit\u00e4tsstadt Marburg regelm\u00e4\u00dfig aktiv Kontakt zu den Familien. Au\u00dferdem sind die Mitarbeiterinnen\u2026","rel":"","context":"In &quot;Soziales&quot;","img":{"alt_text":"","src":"","width":0,"height":0},"classes":[]}],"_links":{"self":[{"href":"http:\/\/marburg.news\/index.php?rest_route=\/wp\/v2\/posts\/12270"}],"collection":[{"href":"http:\/\/marburg.news\/index.php?rest_route=\/wp\/v2\/posts"}],"about":[{"href":"http:\/\/marburg.news\/index.php?rest_route=\/wp\/v2\/types\/post"}],"author":[{"embeddable":true,"href":"http:\/\/marburg.news\/index.php?rest_route=\/wp\/v2\/users\/2"}],"replies":[{"embeddable":true,"href":"http:\/\/marburg.news\/index.php?rest_route=%2Fwp%2Fv2%2Fcomments&post=12270"}],"version-history":[{"count":0,"href":"http:\/\/marburg.news\/index.php?rest_route=\/wp\/v2\/posts\/12270\/revisions"}],"wp:attachment":[{"href":"http:\/\/marburg.news\/index.php?rest_route=%2Fwp%2Fv2%2Fmedia&parent=12270"}],"wp:term":[{"taxonomy":"category","embeddable":true,"href":"http:\/\/marburg.news\/index.php?rest_route=%2Fwp%2Fv2%2Fcategories&post=12270"},{"taxonomy":"post_tag","embeddable":true,"href":"http:\/\/marburg.news\/index.php?rest_route=%2Fwp%2Fv2%2Ftags&post=12270"}],"curies":[{"name":"wp","href":"https:\/\/api.w.org\/{rel}","templated":true}]}}