{"id":12046,"date":"2023-03-01T10:19:20","date_gmt":"2023-03-01T09:19:20","guid":{"rendered":"http:\/\/marburg.news\/?p=12046"},"modified":"2023-03-01T10:19:20","modified_gmt":"2023-03-01T09:19:20","slug":"erwerbslose-mit-aussicht-neue-monatsstatistik-des-kjc","status":"publish","type":"post","link":"http:\/\/marburg.news\/?p=12046","title":{"rendered":"Erwerbslose mit Aussicht: Neue Monatsstatistik des KJC"},"content":{"rendered":"<p>Die Zahl der Erwerbslosen ist im Februar gestiegen. Das besagt die j\u00fcngste Monatsbilanz des KreisJobCenters (JKJC). <!--more--><br \/>\nIm Februar 2023 ist die Anzahl der arbeitslosen Menschen, die Grundsicherung nach dem Sozialgesetzbuch II (SGB II) beziehen, gestiegen. Das KreisJobCenter (KJC) des Landkreises Marburg-Biedenkopf meldet in seiner aktuellen Statistik 3.945 erwerbsf\u00e4hige Leistungsberechtigte, die als arbeitslos registriert sind. Das ist ein Anstieg von 86 Personen oder 2,2 Prozent gegen\u00fcber dem Vormonat Januar.<br \/>\nIm Vergleich mit dem Februar 2022 ist ein Anstieg der Arbeitslosen in der Zust\u00e4ndigkeit des KJCs um 1.088 Personen oder 38,1 Prozent zu verzeichnen. Dieser sp\u00fcrbare Anstieg der Arbeitslosigkeit im Vergleich zum Vorjahr begr\u00fcndet sich im Rechtskreiswechsel der Ukraine-Fl\u00fcchtlinge, von Leistungen nach dem Asylbewerberleistungsgesetz hin zu Leistungen nach dem SGB II zum 1. Juni 2022. Seit diesem Zeitpunkt werden Ukraine-Fl\u00fcchtlinge, die das Kriterium der Arbeitslosigkeit erf\u00fcllen, nun auch statistisch als arbeitslos registriert.<br \/>\nDad urch stieg die Zahl der Arbeitslosen von Mai auf Juni 2022 sprunghaft um 1.113 auf damals 3.936 Personen an und h\u00e4lt sich seitdem auf dem h\u00f6heren Niveau. Die Quote der arbeitslosen Grundsicherungsempfangenden an den zivilen Erwerbspersonen liegt im Februar bei drei Prozent. Im Vorjahresmonat lag die Quote bei 2,1 Prozent.<br \/>\n&#8222;Der Jahresbeginn ist weiter von einem Anstieg der Arbeitslosenzahlen gepr\u00e4gt&#8220;, berichtete der Erste Kreisbeigeordnete Marian Zachow. &#8222;Zum zweiten Mal in Folge steigt die Anzahl der Arbeitslosen im Landkreis. Insgesamt sendet der Arbeitsmarkt aber weiterhin positive Signale; und die Stimmung in der Wirtschaft hellt weiter auf.&#8220;<br \/>\nEin wichtiger Faktor dabei ist nach seiner Einsch\u00e4tzung der fortdauernde Krieg in der Ukraine: &#8222;Wir sind mit unseren Gedanken aber auch bei den Menschen in der Ukraine, der Beginn des russischen Angriffskrieges hat sich im Februar gej\u00e4hrt. Wir hoffen trotz der schwierigen Lage weiterhin auf ein baldiges Ende des Krieges.&#8220;<br \/>\nEnde Februar 2023 lag die Zahl der Bedarfsgemeinschaften bei 6.704. Damit stieg sie im Vergleich zum Vormonat um 120 Bedarfsgemeinschaften beziehungsweise 1,8 Prozent. Verglichen mit dem Vorjahresmonat war das ein Anstieg um 860 Bedarfsgemeinschaften oder 14,7 Prozent.<br \/>\nAuch die Zahl der erwerbsf\u00e4higen Leistungsberechtigten stieg im Vergleich zum Vormonat auf 8.968 Personen und damit um 149 Personen beziehungsweise 1,7 Prozent. Gegen\u00fcber dem Vorjahresmonat ist ein Anstieg um 1.256 Personen oder 16,3 Prozent zu verzeichnen.<br \/>\nBei den Angaben zu den Bedarfsgemeinschaften und erwerbsf\u00e4higen Leistungsberechtigten handelt es sich um einen zum Stichtag 13. Februar 2023 ermittelten vorl\u00e4ufigen Bestand und nicht um eine offizielle Statistik. Der endg\u00fcltige Bestand f\u00fcr den Berichtsmonat Februar wird von der Bundesagentur f\u00fcr Arbeit (BA) nach einer Wartezeit von drei Monaten festgeschrieben.<\/p>\n<p>* pm: Landkreis Marburg-Biedenkopf<\/p>\n","protected":false},"excerpt":{"rendered":"<p>Die Zahl der Erwerbslosen ist im Februar gestiegen. Das besagt die j\u00fcngste Monatsbilanz des KreisJobCenters (JKJC).<\/p>\n","protected":false},"author":2,"featured_media":0,"comment_status":"closed","ping_status":"open","sticky":false,"template":"","format":"standard","meta":{"advanced_seo_description":"","spay_email":"","jetpack_publicize_message":"","jetpack_is_tweetstorm":false,"jetpack_publicize_feature_enabled":true},"categories":[2,4],"tags":[20,21,22],"jetpack_featured_media_url":"","jetpack_publicize_connections":[],"jetpack_sharing_enabled":true,"jetpack_shortlink":"https:\/\/wp.me\/p8mhvd-38i","jetpack-related-posts":[{"id":14501,"url":"http:\/\/marburg.news\/?p=14501","url_meta":{"origin":12046,"position":0},"title":"Minimaler Anstieg: Mehr Erwerbslose im November","date":"30. November 2023","format":false,"excerpt":"Die Zahl der Erwerbslosen ist im November leicht gestiegen. Das besagt die Monatsbilanz des KreisJobCenters. Leicht gestiegen ist im November 2023 die Zahl der arbeitslosen Menschen, die Grundsicherung nach dem Zweiten Sozialgesetzbuch (SGB II) beziehen. Das KreisJobCenter (KJC) des Landkreises Marburg-Biedenkopf meldet in seiner aktuellen Statistik 4.148 erwerbsf\u00e4hige Leistungsberechtigte, die\u2026","rel":"","context":"In &quot;Politik&quot;","img":{"alt_text":"","src":"","width":0,"height":0},"classes":[]},{"id":12710,"url":"http:\/\/marburg.news\/?p=12710","url_meta":{"origin":12046,"position":1},"title":"Gestiegen: Erwerbslosenzahlen des KJC f\u00fcr Mai 2023","date":"31. Mai 2023","format":false,"excerpt":"Gestiegen ist die Zahl der Erwerbslosen im Mai. Das besagt die aktuelle Monatsbilanz des KreisJobCenters (KJC). Im Mai ist die Zahl der arbeitslosen Menschen, die Grundsicherung nach dem Zweiten Sozialgesetzbuch (SGB II) beziehen, gestiegen. Das KreisJobCenter (KJC) des Landkreises Marburg-Biedenkopf meldet in seiner aktuellen Statistik 4.150 erwerbsf\u00e4hige Leistungsberechtigte, die als\u2026","rel":"","context":"In &quot;Politik&quot;","img":{"alt_text":"","src":"","width":0,"height":0},"classes":[]},{"id":12269,"url":"http:\/\/marburg.news\/?p=12269","url_meta":{"origin":12046,"position":2},"title":"Leicht gestiegen: Anstieg der Arbeitslosigkeit im M\u00e4rz abgeflacht","date":"31. M\u00e4rz 2023","format":false,"excerpt":"Die Zahl der Erwerbslosen ist im M\u00e4rz leicht gestiegen. Das besagt die aktuelle Monatsbilanz des KreisJobCenters (KJC). Im M\u00e4rz 2023 ist die Zahl der arbeitslosen Menschen, die Grundsicherung nach dem Sozialgesetzbuch II (SGB II) beziehen, leicht gestiegen. Das KreisJobCenter (KJC) des Landkreises Marburg-Biedenkopf meldet in seiner aktuellen Statistik 3.959 erwerbsf\u00e4hige\u2026","rel":"","context":"In &quot;Politik&quot;","img":{"alt_text":"","src":"","width":0,"height":0},"classes":[]},{"id":13091,"url":"http:\/\/marburg.news\/?p=13091","url_meta":{"origin":12046,"position":3},"title":"Gestiegen: KJC meldet Erwerbslosenzahl f\u00fcr Juni 2023","date":"30. Juni 2023","format":false,"excerpt":"Die Zahl der Erwerbslosen ist im Juni gestiegen. Das vermeldet die aktuelle Monatsbilanz des KreisJobCenters (KJC). Gestiegen ist im Juni 2023 die Zahl der arbeitslosen Menschen, die Grundsicherung nach dem Zweiten Sozialgesetzbuch (SGB II) beziehen. Das KreisJobCenter (KJC) des Landkreises Marburg-Biedenkopf meldet in seiner aktuellen Statistik 4.193 erwerbsf\u00e4hige Leistungsberechtigte, die\u2026","rel":"","context":"In &quot;Soziales&quot;","img":{"alt_text":"","src":"","width":0,"height":0},"classes":[]},{"id":17593,"url":"http:\/\/marburg.news\/?p=17593","url_meta":{"origin":12046,"position":4},"title":"Gegen Arbeitslosigkeit: Monatsbilanz des KJC f\u00fcr Februar 2025","date":"28. Februar 2025","format":false,"excerpt":"Um 0,1 Prozent gestiegen ist die Zahl der erwerbslosen im Februar. Das besagt die aktuelle Monatsbilanz des KreisJobCenters (KJC). Im Februar 2025 ist die Zahl der arbeitslosen Menschen, die Grundsicherung nach dem Zweiten Sozialgesetzbuch (SGB II) beziehen, gestiegen. Das KreisJobCenter (KJC) des Landkreises Marburg-Biedenkopf meldet in seiner aktuellen Statistik 4.154\u2026","rel":"","context":"In &quot;Soziales&quot;","img":{"alt_text":"","src":"","width":0,"height":0},"classes":[]},{"id":10251,"url":"http:\/\/marburg.news\/?p=10251","url_meta":{"origin":12046,"position":5},"title":"Zahlen ausgewiesen: Erwerbslosigkeit im Kreis steigt langsamer","date":"29. Juli 2022","format":false,"excerpt":"Die Zahl der Arbeitslosen steigt leicht. Das besagt die Monatsbilanz des KJC f\u00fcr Juli. Nach dem starken Anstieg im Juni ist die Zahl der arbeitslosen Menschen, die Grundsicherung nach dem Sozialgesetzbuch II (SGB II) beziehen, im Juli nur leicht gestiegen. Das KreisJobCenter (KJC) des Landkreises Marburg-Biedenkopf meldet in seiner aktuellen\u2026","rel":"","context":"In &quot;Soziales&quot;","img":{"alt_text":"","src":"","width":0,"height":0},"classes":[]}],"_links":{"self":[{"href":"http:\/\/marburg.news\/index.php?rest_route=\/wp\/v2\/posts\/12046"}],"collection":[{"href":"http:\/\/marburg.news\/index.php?rest_route=\/wp\/v2\/posts"}],"about":[{"href":"http:\/\/marburg.news\/index.php?rest_route=\/wp\/v2\/types\/post"}],"author":[{"embeddable":true,"href":"http:\/\/marburg.news\/index.php?rest_route=\/wp\/v2\/users\/2"}],"replies":[{"embeddable":true,"href":"http:\/\/marburg.news\/index.php?rest_route=%2Fwp%2Fv2%2Fcomments&post=12046"}],"version-history":[{"count":0,"href":"http:\/\/marburg.news\/index.php?rest_route=\/wp\/v2\/posts\/12046\/revisions"}],"wp:attachment":[{"href":"http:\/\/marburg.news\/index.php?rest_route=%2Fwp%2Fv2%2Fmedia&parent=12046"}],"wp:term":[{"taxonomy":"category","embeddable":true,"href":"http:\/\/marburg.news\/index.php?rest_route=%2Fwp%2Fv2%2Fcategories&post=12046"},{"taxonomy":"post_tag","embeddable":true,"href":"http:\/\/marburg.news\/index.php?rest_route=%2Fwp%2Fv2%2Ftags&post=12046"}],"curies":[{"name":"wp","href":"https:\/\/api.w.org\/{rel}","templated":true}]}}