{"id":11982,"date":"2023-02-22T10:45:37","date_gmt":"2023-02-22T09:45:37","guid":{"rendered":"http:\/\/marburg.news\/?p=11982"},"modified":"2023-02-22T20:35:07","modified_gmt":"2023-02-22T19:35:07","slug":"letzte-generation-morgendliche-verkehrsblockade-am-krekel","status":"publish","type":"post","link":"http:\/\/marburg.news\/?p=11982","title":{"rendered":"Letzte Generation: Morgendliche Verkehrsblockade Am Krekel"},"content":{"rendered":"<p>Erneut hat in Marburg eine Aktion der &#8222;Letzten Generation&#8220; stattgefunden. Ab 7.30 Uhr blockierten vier Menschen die Stra\u00dfe &#8222;Am Krekel&#8220;. <!--more--><br \/>\nVier entschlossene Menschen, die ihre Verantwortung als &#8222;Letzte Generation&#8220; vor den Kipppunkten nicht l\u00e4nger ausblenden k\u00f6nnen, <a href=\"http:\/\/marburg.news\/?p=11933\">blockierten erneut friedlich den Verkehr in Marburg<\/a>. Sie sa\u00dfen abetwa 7.30 Uhr auf der Stra\u00dfe &#8222;am Krekel&#8220;. Sie forderten die Einberufung eines Gesellschaftsrates, der durch die Erarbeitung von mehrheitsf\u00e4higen Ma\u00dfnahmen dabei hilft, Deutschland aus der aktuellen tiefen gesellschaftlichen Krise herauszuf\u00fchren.<br \/>\nSprecherin Aim\u00e9e van Baalen von der &#8222;Letzten Generation&#8220; erl\u00e4uterte die Forderung nach einem Gesellschaftsrat: &#8222;Es wird immer offensichtlicher, dass es der Regierung unter dem Einfluss der reichsten 1% nicht gelingt, die Interessen der Bev\u00f6lkerung zu sch\u00fctzen. Wir, die 99%, sind aber darauf angewiesen, dass endlich gehandelt wird! Denn noch haben wir die Chance, aus der Zerst\u00f6rung auszusteigen mit einem Plan, der von B\u00fcrger*innen entwickelt, von der Gesellschaft getragen und von der Politik verwirklicht wird.&#8220;<br \/>\nDie17-j\u00e4hrige Ginny erkl\u00e4rte ihren Protest: &#8222;W\u00e4hrend hier in Deutschland fossile Rohstoffe verbrannt werden, sterben im globalen S\u00fcden Tausende Menschen in Fluten, an Hunger und Hitze. Laut der Wissenschaft haben wir nur noch wenige Jahre um von diesem zerst\u00f6rerischen Kurs wegzukommen und den absoluten Klimakollaps zu verhindern. Liebe Bundesregierung, ich bitte Sie mir ein Leben zu erm\u00f6glichen, das man als solches bezeichnen kann.&#8220;<br \/>\nDer 23-j\u00e4hrige Infrastrukturmanagement-Student Max Seimetz erg\u00e4nzte: &#8222;Mein Traum ist es in die Stadtplanung zu gehen. Doch jetzt sitze ich hier, um unsere Lebensgrundlagen und die Artenvielfalt zu erhalten &#8211; weil es viele andere nicht tun. Ich habe eine gro\u00dfe Angst vor einer ungewissen Zukunft mit nicht vorhersehbaren Folgen f\u00fcr Frieden und Demokratie. Deswegen m\u00fcssen wir den Protest fortf\u00fchren &#8211; in jeder Stadt, in jedem Dorf.&#8220;<br \/>\nDie Blockade wurde innerhalb von Sekunden von der Polizei unterbunden. Im Anschluss wurden die Protestierenden vor Ort durchsucht. Bereits am Montag (20. Februar) standen mehrere Protestierende im Anschluss an den Rosenmontagszug beim Marktbrunnen und luden Marburgerinnen und Marburger zu den n\u00e4chsten &#8222;Krisensitzungen&#8220; in Marburg am Mittwoch (22. Februar) in der &#8222;Wegwarte&#8220; im Schwanhof an der Schwanallee<br \/>\nab 19 Uhr und am Samstag (25. Februar) um 12 Uhr in der Galerie JPG an der Weidenh\u00e4user Stra\u00dfe ein.<\/p>\n<p>* pm: Die Letzte Generation S\u00fcdwest<\/p>\n","protected":false},"excerpt":{"rendered":"<p>Erneut hat in Marburg eine Aktion der &#8222;Letzten Generation&#8220; stattgefunden. Ab 7.30 Uhr blockierten vier Menschen die Stra\u00dfe &#8222;Am Krekel&#8220;.<\/p>\n","protected":false},"author":2,"featured_media":0,"comment_status":"closed","ping_status":"open","sticky":false,"template":"","format":"standard","meta":{"advanced_seo_description":"","spay_email":"","jetpack_publicize_message":"","jetpack_is_tweetstorm":false,"jetpack_publicize_feature_enabled":true},"categories":[2,4],"tags":[4807,506,4808],"jetpack_featured_media_url":"","jetpack_publicize_connections":[],"jetpack_sharing_enabled":true,"jetpack_shortlink":"https:\/\/wp.me\/p8mhvd-37g","jetpack-related-posts":[{"id":11989,"url":"http:\/\/marburg.news\/?p=11989","url_meta":{"origin":11982,"position":0},"title":"J\u00fcngste Klebeaktion: Polizei gegen Letzte Generation","date":"22. Februar 2023","format":false,"excerpt":"klebeaktionen von Angeh\u00f6rigen der \"Letzten Generation\" hatt die Polizei sowohl am Dienstag als auch am Mittwoch verhindert. Nach der Aktion von Mittwoch (22. Februar) sucht die Polizei Zeugen. Am Dienstag (21. Februar) war die Polizei aufgrund bekanntgewordener bevorstehender Aktionen der Letzten Generation mit einer Vielzahl von Streifen in Marburg unterwegs.\u2026","rel":"","context":"In &quot;Politik&quot;","img":{"alt_text":"","src":"","width":0,"height":0},"classes":[]},{"id":12000,"url":"http:\/\/marburg.news\/?p=12000","url_meta":{"origin":11982,"position":1},"title":"Zwei Ebenen: Letzte Generation fordert Gesellschaftsrat","date":"23. Februar 2023","format":false,"excerpt":"Weitere Proteste der \"Letzten Generation\" haben am Donnerstag (23. Februar) in Marburg stattgefunden. Die Aktionen rufen dazu auf, mit einem \"Gesellschaftsrat mehr Demokratie\" zu wagen. Vierentschlossene Menschen, die ihre Verantwortung als letzte Generation vor den Kipppunkten nicht l\u00e4nger ausblenden k\u00f6nnen, blockierten am Donnerstag (23. Februar) friedlich in Marburg.Sie sa\u00dfen ab\u2026","rel":"","context":"In &quot;Politik&quot;","img":{"alt_text":"","src":"","width":0,"height":0},"classes":[]},{"id":12003,"url":"http:\/\/marburg.news\/?p=12003","url_meta":{"origin":11982,"position":2},"title":"Erlebnis im Erlenring: Wie Protest in schwierigen Zeiten gelingt","date":"24. Februar 2023","format":false,"excerpt":"Vier Personen blockierten am Donnerstag (23. Februar) den Erlenring. Die Polizei beendete den Klimaprotest. Um 16.40 Uhr setzten sich vier Personen in H\u00f6he der gleichnamigen Bushaltestelle auf den Erlenring, drei klebten sich fest. Mit dieser Aktion blockierten die Vier die Fahrbahn stadtausw\u00e4rts. Wegen der Blockade sperrte die Polizei die Zufahrt\u2026","rel":"","context":"In &quot;Politik&quot;","img":{"alt_text":"","src":"","width":0,"height":0},"classes":[]},{"id":11933,"url":"http:\/\/marburg.news\/?p=11933","url_meta":{"origin":11982,"position":3},"title":"Festgeklebt am Rudolphsplatz: Klimaprotest auf der Universit\u00e4tsstra\u00dfe","date":"13. Februar 2023","format":false,"excerpt":"Seit etwa 7.30 Uhr blockieren Klimaaktivisten die Universit\u00e4tsstra\u00dfe. Ab der Einm\u00fcndung zur Stra\u00dfe \"Am Gr\u00fcn\" ist die Universit\u00e4tsstra\u00dfe in Richtung Weidenh\u00e4user Br\u00fccke blockiert. Zwei der vier Menschen haben sich an der Fahrbahn festgeklebt. Die Identit\u00e4ten aller vier stehen fest. Das berichtete Polizeisprecher Guido Rehr am Montag (13. Februar) gegen 10\u2026","rel":"","context":"In &quot;Politik&quot;","img":{"alt_text":"","src":"","width":0,"height":0},"classes":[]},{"id":12104,"url":"http:\/\/marburg.news\/?p=12104","url_meta":{"origin":11982,"position":4},"title":"Erneut Einladung: Krisensitzung der &#8222;Letzten Generation&#8220; in Marburg","date":"9. M\u00e4rz 2023","format":false,"excerpt":"der Protest der \"letzten Generation\" in Marburg ist ausgesetzt. Dennoch laden Aktive der \"Letzten Generation\" erneut Bzur \"Krisensitzung\" ein. Vortrag und \"Krisensitzung\" finden am Montag (13. M\u00e4rz) um 19 Uhr in der Galerie JPG an der Weidenh\u00e4user Stra\u00dfe statt. Der Brief des Oberb\u00fcrgermeisters an die Bundestagsfraktionen und den Bundeskanzler f\u00fchrt\u2026","rel":"","context":"In &quot;Politik&quot;","img":{"alt_text":"","src":"","width":0,"height":0},"classes":[]},{"id":12690,"url":"http:\/\/marburg.news\/?p=12690","url_meta":{"origin":11982,"position":5},"title":"Zwei Z\u00fcge: Demonstrationen gegen Klimaschutz-Kriminalisierung","date":"29. Mai 2023","format":false,"excerpt":"Gegen die Kriminalisierung der \"Letzten Generation\" protestieren zwei Demonstrationsz\u00fcge am Mittwoch (31. Mai). \"Fridays for Future\" und die \"Letzte Generation\" treffen sich zum Abschluss beim EPH. Nach den Hausdurchsuchungen bei Mitgliedern und Unterst\u00fctzern der \"Letzten Generation\" werden am Mittwoch (31. Mai) auch in Marburg B\u00fcrgerinnen und B\u00fcrger zeigen, dass sie\u2026","rel":"","context":"In &quot;Politik&quot;","img":{"alt_text":"","src":"","width":0,"height":0},"classes":[]}],"_links":{"self":[{"href":"http:\/\/marburg.news\/index.php?rest_route=\/wp\/v2\/posts\/11982"}],"collection":[{"href":"http:\/\/marburg.news\/index.php?rest_route=\/wp\/v2\/posts"}],"about":[{"href":"http:\/\/marburg.news\/index.php?rest_route=\/wp\/v2\/types\/post"}],"author":[{"embeddable":true,"href":"http:\/\/marburg.news\/index.php?rest_route=\/wp\/v2\/users\/2"}],"replies":[{"embeddable":true,"href":"http:\/\/marburg.news\/index.php?rest_route=%2Fwp%2Fv2%2Fcomments&post=11982"}],"version-history":[{"count":1,"href":"http:\/\/marburg.news\/index.php?rest_route=\/wp\/v2\/posts\/11982\/revisions"}],"predecessor-version":[{"id":11993,"href":"http:\/\/marburg.news\/index.php?rest_route=\/wp\/v2\/posts\/11982\/revisions\/11993"}],"wp:attachment":[{"href":"http:\/\/marburg.news\/index.php?rest_route=%2Fwp%2Fv2%2Fmedia&parent=11982"}],"wp:term":[{"taxonomy":"category","embeddable":true,"href":"http:\/\/marburg.news\/index.php?rest_route=%2Fwp%2Fv2%2Fcategories&post=11982"},{"taxonomy":"post_tag","embeddable":true,"href":"http:\/\/marburg.news\/index.php?rest_route=%2Fwp%2Fv2%2Ftags&post=11982"}],"curies":[{"name":"wp","href":"https:\/\/api.w.org\/{rel}","templated":true}]}}