{"id":11753,"date":"2023-01-25T13:38:23","date_gmt":"2023-01-25T12:38:23","guid":{"rendered":"http:\/\/marburg.news\/?p=11753"},"modified":"2023-01-25T13:38:23","modified_gmt":"2023-01-25T12:38:23","slug":"psychologen-bestochen-robert-whitaker-spricht-in-marburg","status":"publish","type":"post","link":"http:\/\/marburg.news\/?p=11753","title":{"rendered":"Psychologen bestochen: Robert Whitaker spricht in Marburg"},"content":{"rendered":"<p>Der Bestseller-Autor Robert Whitaker spricht an der Uni Marburg. Sein Vortrag im Rahmen eines Psychologie-Seminars findet am Donnerstag (9. Februar) statt. <!--more--><br \/>\nDer amerikanische Bestseller-Autor Robert Whitaker spricht an der Philipps-Universit\u00e4t \u00fcber &#8222;Psychiatry Under the Influence: Institutional Corruption, Social Injury and Prescriptions for Reform&#8220;. Der Vortrag findet am Donnerstag (9. Februar) um 18 Uhr im Vortragssaal der Universit\u00e4tsbibliothek an der Deutschhausstra\u00dfe statt. Whitaker hat sich vor allem mit dem Buch &#8222;Anatomy of an Epidemic&#8220; einen Namen gemacht, in dem er die psychopharmakologische Behandlung psychischer St\u00f6rungen kritisch beleuchtet.<br \/>\nDer Abend bietet Gelegenheit, das seit den 80er Jahren dominierende und von der American Psychiatric Association (APA) vorangetriebene Krankheitsmodell zur Kategorisierung und Behandlung psychischer St\u00f6rungen zu diskutieren. Dieses Modell beg\u00fcnstigte sowohl die Interessen der APA wie auch die finanziellen Ziele pharmazeutischer Firmen. Letztere finanzierten in der Folge nicht nur substantiell die APA, sondern auch psychiatrische Forschung in den Vereinigten Staaten von Amerika (USA) und weltweit.<br \/>\n&#8222;Das verbreitete Narrativ eines aus dem biologischen Gleichgewicht geratenen Gehirns wurde bislang in keiner wissenschaftlichen Studie nachgewiesen, von der \u00d6ffentlichkeit aber breit akzeptiert und geglaubt, mit enormen gesellschaftlichen Folgen und einem damit einhergehenden Anstieg psychischer St\u00f6rungen weltweit&#8220;, erl\u00e4uterte Whitaker. In seinem Vortrag zeigt er, wie einer solchen institutionellen Korruption entgegengewirkt werden kann. Im Anschluss an den Vortrag besteht Gelegenheit zur Diskussion.<br \/>\nDer Vortrag in englischer Sprache findet im Rahmen des Psychologieseminars &#8222;Anatomy of an Epidemic&#8220; von Prof. Dr. Hanna Christiansen statt. In diesem haben Studierende das Buch ins Deutsche \u00fcbersetzt. Die daraus entstehende deutsche Ausgabe wird vom Kohlhammer-Verlag verlegt werden.<\/p>\n<p>* pm: Philipps-Universit\u00e4t Marburg<\/p>\n","protected":false},"excerpt":{"rendered":"<p>Der Bestseller-Autor Robert Whitaker spricht an der Uni Marburg. Sein Vortrag im Rahmen eines Psychologie-Seminars findet am Donnerstag (9. Februar) statt.<\/p>\n","protected":false},"author":2,"featured_media":0,"comment_status":"closed","ping_status":"open","sticky":false,"template":"","format":"standard","meta":{"advanced_seo_description":"","spay_email":"","jetpack_publicize_message":"","jetpack_is_tweetstorm":false,"jetpack_publicize_feature_enabled":true},"categories":[5,4],"tags":[38,4745,4486],"jetpack_featured_media_url":"","jetpack_publicize_connections":[],"jetpack_sharing_enabled":true,"jetpack_shortlink":"https:\/\/wp.me\/p8mhvd-33z","jetpack-related-posts":[{"id":15130,"url":"http:\/\/marburg.news\/?p=15130","url_meta":{"origin":11753,"position":0},"title":"Schlink zeigt Haltung: Bestseller-Autor spricht in der Alten Uni","date":"4. M\u00e4rz 2024","format":false,"excerpt":"Der Bestseller-Autor Bernhard Schlink spricht zum Thema \"Von der Vergangenheit lernen\". Sein Vortrag findet am Donnerstag (14. M\u00e4rz) in der Alten Aula statt. Bernhard Schlink ist ein international gefeierter Schriftsteller und emeritierter Professor f\u00fcr \u00d6ffentliches Recht und Rechtsphilosophie der Humboldt-Universit\u00e4t zu Berlin. Auf Einladung des Fachbereichs Rechtswissenschaften spricht Schlink \u00fcber\u2026","rel":"","context":"In &quot;Bildung&quot;","img":{"alt_text":"","src":"","width":0,"height":0},"classes":[]},{"id":15004,"url":"http:\/\/marburg.news\/?p=15004","url_meta":{"origin":11753,"position":1},"title":"Gemeinsam gedacht: Photovoltaik und Denkmalschutz vereinen","date":"19. Februar 2024","format":false,"excerpt":"Ein Vortrag zu Photovoltaik und Denkmalschutz findet am Donnerstag (22. februar) statt. Ziel dabei ist, Zukunft und Geschichte zu bewahren. Denkmalschutz und Klimaschutz verbinden soll eine Vortragsreihe zur energetischen Sanierung historischer Geb\u00e4ude der Unteren Denkmalschutzbeh\u00f6rde der Universit\u00e4tsstadt Marburg. Der letzte Vortrag der Reihe befasst sich mit dem Thema \"Photovoltaik und\u2026","rel":"","context":"In &quot;Soziales&quot;","img":{"alt_text":"","src":"","width":0,"height":0},"classes":[]},{"id":14854,"url":"http:\/\/marburg.news\/?p=14854","url_meta":{"origin":11753,"position":2},"title":"Neuer Vortrag: Yi Yi Prue spricht im TTZ","date":"1. Februar 2024","format":false,"excerpt":"Die Umwelt- und B\u00fcrgerrechtsaktivistin Yi Yi Prue wird am Dienstag (27. Februar) einen Vortrag zur Klimagerechtigkeit halten. Dazu l\u00e4dt die Humanistische Union Marburg (HU) ein. Yi Yi Prue ist eine der Preistr\u00e4ger*innen des Fritz-Bauer-Preises der HU, den sie f\u00fcr ihren Einsatz f\u00fcr Klimagerechtigkeit erhielt. Vor dem Bundesverfassungsgericht (BVerfG) hatten sie\u2026","rel":"","context":"In &quot;Politik&quot;","img":{"alt_text":"Yi Yi Prue","src":"https:\/\/i0.wp.com\/marburg.news\/wp-content\/uploads\/2024\/02\/WhatsApp-Bild-2024-02-06-um-10.53.39_6deb6c0d.jpg?fit=1200%2C800&resize=350%2C200","width":350,"height":200},"classes":[]},{"id":16925,"url":"http:\/\/marburg.news\/?p=16925","url_meta":{"origin":11753,"position":3},"title":"Am Donnerstag: Hessischer Verfassungsschutzpr\u00e4sident spricht im Kreishaus","date":"20. November 2024","format":false,"excerpt":"Der hessische Verfassungsschutzpr\u00e4sident Bernd Neumann h\u00e4lt am Donnerstag (28. November) einen Vortrag im Kreishaus. Dabei spricht der Beh\u00f6rdenchef \u00fcber aktuelle Herausforderungen des Verfassungsschutzes. Unter dem Motto \"Freiheit sch\u00fctzen, Demokratie bewahren\" h\u00e4lt Pr\u00e4sident Bernd Neumann vom hessischen Verfassungsschutz am Donnerstag (28. November) einen Vortrag im Marburger Kreishaus \"Im Lichtenholz\" 60. Beginn\u2026","rel":"","context":"In &quot;Politik&quot;","img":{"alt_text":"","src":"","width":0,"height":0},"classes":[]},{"id":14289,"url":"http:\/\/marburg.news\/?p=14289","url_meta":{"origin":11753,"position":4},"title":"Voll ged\u00e4mmt: Veranstaltungsreihe zu energetischer Sanierung","date":"6. November 2023","format":false,"excerpt":"Die Stadt l\u00e4dt zu einem Vortrag \u00fcber energetische Sanierung historischer Geb\u00e4ude ein. Er findet am Donnerstag (9. November) in Gisselberg statt. \"gut ged\u00e4mt, aber wie? Wer Eigent\u00fcmer oder Bewohner eines historischen Geb\u00e4udes ist, kann bei der Vortragsreihe \"Verantwortungsvollen Sanieren und Nutzen historischer Geb\u00e4ude\" der Stadt Marburg dazu mehr erfahren. Am\u2026","rel":"","context":"In &quot;Soziales&quot;","img":{"alt_text":"","src":"","width":0,"height":0},"classes":[]},{"id":15339,"url":"http:\/\/marburg.news\/?p=15339","url_meta":{"origin":11753,"position":5},"title":"Auf Antifeminismus achten: Ursula Birsl spricht vor Gleichstellungskommission","date":"5. April 2024","format":false,"excerpt":"Die Politikwissenschaftlerin Prof. Dr. Ursula Birsl spricht \u00fcber Antifeminismus und Gefahren f\u00fcr die Demokratie. Ihr Vortrag findet am Mittwoch (17. April) um 17 Uhr im Stadtverordnetensitzungssaal statt. W\u00e4hrend der vorangegangenen Wochen wurden die Errungenschaften der Frauenbewegungen gefeiert. Zugleich gab es Forderungen nach weiteren Ver\u00e4nderungen, damit Frauen ihr Leben wirklich gleichberechtigt\u2026","rel":"","context":"In &quot;Bildung&quot;","img":{"alt_text":"","src":"","width":0,"height":0},"classes":[]}],"_links":{"self":[{"href":"http:\/\/marburg.news\/index.php?rest_route=\/wp\/v2\/posts\/11753"}],"collection":[{"href":"http:\/\/marburg.news\/index.php?rest_route=\/wp\/v2\/posts"}],"about":[{"href":"http:\/\/marburg.news\/index.php?rest_route=\/wp\/v2\/types\/post"}],"author":[{"embeddable":true,"href":"http:\/\/marburg.news\/index.php?rest_route=\/wp\/v2\/users\/2"}],"replies":[{"embeddable":true,"href":"http:\/\/marburg.news\/index.php?rest_route=%2Fwp%2Fv2%2Fcomments&post=11753"}],"version-history":[{"count":0,"href":"http:\/\/marburg.news\/index.php?rest_route=\/wp\/v2\/posts\/11753\/revisions"}],"wp:attachment":[{"href":"http:\/\/marburg.news\/index.php?rest_route=%2Fwp%2Fv2%2Fmedia&parent=11753"}],"wp:term":[{"taxonomy":"category","embeddable":true,"href":"http:\/\/marburg.news\/index.php?rest_route=%2Fwp%2Fv2%2Fcategories&post=11753"},{"taxonomy":"post_tag","embeddable":true,"href":"http:\/\/marburg.news\/index.php?rest_route=%2Fwp%2Fv2%2Ftags&post=11753"}],"curies":[{"name":"wp","href":"https:\/\/api.w.org\/{rel}","templated":true}]}}