{"id":11743,"date":"2023-01-24T15:19:34","date_gmt":"2023-01-24T14:19:34","guid":{"rendered":"http:\/\/marburg.news\/?p=11743"},"modified":"2023-01-24T15:19:34","modified_gmt":"2023-01-24T14:19:34","slug":"raubbau-an-natur-klaus-doerre-spricht-ueber-extraktivismus","status":"publish","type":"post","link":"http:\/\/marburg.news\/?p=11743","title":{"rendered":"Raubbau an Natur: Klaus D\u00f6rre spricht \u00fcber Extraktivismus"},"content":{"rendered":"<p>Prof. Dr. Klaus D\u00f6rre spricht am Donnerstag (26. Januar) \u00fcber Chancen und Risiken einer sozial-\u00f6kologischen Transformation. Sein Vortrag bietet ein Konzept gegen den Klimawandel. <!--more--><br \/>\nDer Klimawandel nimmt weiter Fahrt auf. Der Weltklimarat (IPCC) fordert eine globale Nachhaltigkeitsrevolution. UN-Generalsekret\u00e4r Antonio Guterres warnt: &#8222;Die Welt steht am Abgrund&#8220; mit gleich drei Krisen.<br \/>\nGleichzeitig drohen die Klimakrise, der Biodiversit\u00e4tsverlust und die globale Verschmutzung und Verm\u00fcllung der \u00d6kosysteme. Zu den Chancen und Risiken einer sozial-\u00f6kologischen Transformation der Gesellschaften, um sich mit aller Macht diesen Krisen entgegen zu stellen, nimmt der Jenaer Soziologe Prof. Dr. Klaus D\u00f6rre in der Ringvorlesung zu &#8222;Extraktivismus&#8220; Stellung.<br \/>\nDer Titel seines Vortrags lautet &#8222;Klimawandel und Perspektiven sozial-\u00f6kologischer Transformation&#8220;. Er findet am Donnerstag (26. Januar) um 18 Uhr im Centrum f\u00fcr Nah- und Mittelost-Studien (CNMS) an der Deutschhausstra\u00dfe in Pr\u00e4senz statt und wird online \u00fcber Zoom gestreamt. Eine Anmeldung ist \u00fcber <a href=\"http:\/\/www.extractivism.de\/ringvorlesung\">www.extractivism.de\/ringvorlesung<\/a> m\u00f6glich.<br \/>\nDie These des Forschers der Friedrich-Schiller-Universit\u00e4t Jena lautet: &#8222;Soziale und \u00f6kologische Nachhaltigkeit bedingen sich wechselseitig. Das eine ist nicht ohne das andere zu haben. Beide Ziele sind konflikttr\u00e4chtig. Die gesellschaftlichen Akteur*innen k\u00f6nnen eine sozial-\u00f6kologische Transformation nur dann erfolgreich umsetzen, wenn sie die Spannungen zwischen sozialen und \u00f6kologischen Nachhaltigkeitszielen ausbalancieren.&#8220;<br \/>\nD\u00f6rre hat an der Philipps-Universit\u00e4t studiert. In Marburg ist er auch promoviert worden.<br \/>\nVeranstalter der Ringvorlesung &#8222;Extractivism &#8211; Klimawandel und Rohstoffe: Risiko oder Chance?&#8220; sind das Marburger Centrum f\u00fcr Nah- und Mittelost-Studien (CNMS) der Phillips-Universit\u00e4t sowie das Lateinamerikazentrum (Centro de Estudios Latinoamericanos, CELA) der Universit\u00e4t Kassel. Die Vorlesungen finden im Wintersemester 2022\/23 alternierend an beiden Universit\u00e4ten statt und sind wichtiges Diskursmedium des vom BMBF gef\u00f6rderten interdisziplin\u00e4ren Projekts &#8222;Rohstoffextraktivismus in Lateinamerika und dem Maghreb&#8220; beider Universit\u00e4ten.<br \/>\nAls &#8222;Extraktivismus&#8220; oder englisch &#8222;Extractivism&#8220; bezeichnen Forschende ein Entwicklungsmodell, das auf dem Abbau und Export nicht erneuerbarer Ressourcen beruht und Gesellschaften von Rohstoffeinnahmen abh\u00e4ngig macht. Diese Gesellschaften brauchen Rohstoffe, sie sind das Schmiermittel der Wirtschaft.<br \/>\nDaf\u00fcr werden Naturr\u00e4ume zerst\u00f6rt, die Klimaerw\u00e4rmung befeuert. Rohstoffen und deren Extraktion kommt deshalb eine zentrale Rolle in der Klimadiskussion zu. In den einzelnen Beitr\u00e4gen der Ringvorlesung beleuchten die Forschenden das Verh\u00e4ltnis von Klimawandel und Rohstoffen aus empirischer, regionaler und theoretischer Perspektive.<br \/>\nEin Fokus liegt dabei auf Lateinamerika und dem Maghreb als den prim\u00e4ren Forschungsregionen des Marburger CNMS und des Kasseler CELA. Weitere Informationen zur Ringvorlesung finden Interessierte online unter <a href=\"http:\/\/www.extractivism.de\/ringvorlesung\">www.extractivism.de\/ringvorlesung<\/a>.<\/p>\n<p>* pm: Philipps-Universit\u00e4t Marburg<\/p>\n","protected":false},"excerpt":{"rendered":"<p>Prof. Dr. Klaus D\u00f6rre spricht am Donnerstag (26. Januar) \u00fcber Chancen und Risiken einer sozial-\u00f6kologischen Transformation. Sein Vortrag bietet ein Konzept gegen den Klimawandel.<\/p>\n","protected":false},"author":2,"featured_media":0,"comment_status":"closed","ping_status":"open","sticky":false,"template":"","format":"standard","meta":{"advanced_seo_description":"","spay_email":"","jetpack_publicize_message":"","jetpack_is_tweetstorm":false,"jetpack_publicize_feature_enabled":true},"categories":[5,2,4],"tags":[4738,4739,4740],"jetpack_featured_media_url":"","jetpack_publicize_connections":[],"jetpack_sharing_enabled":true,"jetpack_shortlink":"https:\/\/wp.me\/p8mhvd-33p","jetpack-related-posts":[{"id":18804,"url":"http:\/\/marburg.news\/?p=18804","url_meta":{"origin":11743,"position":0},"title":"2,5 Grad mehr: Studium Generale zu Klimawandel und Resilienz","date":"8. Oktober 2025","format":false,"excerpt":"Das \"Leben in einer 2,5-Grad Welt\" ist Thema beim Studium Generale der Philipps-Universit\u00e4t. Die Reihe nimmt Klimawandel und Klimaresilienz in den Focus. Die Philipps-Universit\u00e4t Marburg stellt in ihrem Studium Generale im Wintersemester 2025\/26 eine der zentralen Zukunftsfragen in den Mittelpunkt: \"Wie k\u00f6nnen wir als Gesellschaft widerstandsf\u00e4hig bleiben, wenn sich das\u2026","rel":"","context":"In &quot;Bildung&quot;","img":{"alt_text":"","src":"","width":0,"height":0},"classes":[]},{"id":19916,"url":"http:\/\/marburg.news\/?p=19916","url_meta":{"origin":11743,"position":1},"title":"Gemeinwohlorientiert: 75 Jahre Politikwissenschaft in Marburg","date":"21. April 2026","format":false,"excerpt":"Auf eine Veranstaltungsreihe zu 75 Jahren Politikwissenschaft an der Philipps-Universit\u00e4t hat Die Linke am Dienstag (21. April) aufmerksam gemacht. Der Fachbereich selbst habe dazu wenig beigetragen. 75 Jahre ist es her, seit an der Philipps-Universit\u00e4t Marburg der Fachbereich \"Politikwissenschaft\" gegr\u00fcndet und Wolfgang Abendroth zum Professor berufen wurde. Abendroth war bis\u2026","rel":"","context":"In &quot;Bildung&quot;","img":{"alt_text":"","src":"","width":0,"height":0},"classes":[]},{"id":15355,"url":"http:\/\/marburg.news\/?p=15355","url_meta":{"origin":11743,"position":2},"title":"F\u00fcr Fragen: Thomas Ranft zu Klimawandel und KI","date":"10. April 2024","format":false,"excerpt":"Der Wetterexperte Thomas Ranft ist bei einer Dialog-Veranstaltung des Kreises zu Gast. Ihr Titel lautet \"KI und Klima: Retter oder Zerst\u00f6rer der Welt?\". Welche Rolle kann die sogenannte \"K\u00fcnstliche Intelligenz\" (KI) beim Umwelt- und Klimaschutz spielen? Um diese Frage geht es am Dienstag (4. Juni) ab 19 Uhr beim n\u00e4chsten\u2026","rel":"","context":"In &quot;Bildung&quot;","img":{"alt_text":"","src":"","width":0,"height":0},"classes":[]},{"id":14112,"url":"http:\/\/marburg.news\/?p=14112","url_meta":{"origin":11743,"position":3},"title":"Weltweit: Claudia Kemfert beim Klima-Dialog des Kreises","date":"19. Oktober 2023","format":false,"excerpt":"\u00dcber Chancen der Energiewende spricht Prof. Dr. Claudia Kemfert am Freitag (3. November). Die Expertin ist beim \"Klima-Dialog\" des Kreises zu Gast. Zu einem weiteren \"Klima-Dialog\" l\u00e4dt der Landkreis Marburg-Biedenkopf f\u00fcr Freitag (3. November) ein. Prof. Dr. Claudia Kemfert erl\u00e4utert w\u00e4hrend der Online-Veranstaltung ab 16 Uhr, welche wirtschaftlichen Chancen sich\u2026","rel":"","context":"In &quot;Sonstiges&quot;","img":{"alt_text":"","src":"","width":0,"height":0},"classes":[]},{"id":16140,"url":"http:\/\/marburg.news\/?p=16140","url_meta":{"origin":11743,"position":4},"title":"Die Ungeduldigen: Film in der Waggonhalle \u00fcber Widerstand","date":"15. August 2024","format":false,"excerpt":"Eine Film vorf\u00fchrung mit anschlie\u00dfender Podiumsdiskussion findet am Dienstag (27. August) in der Waggonhalle statt. Der Regisseur Klaus Sparwasser ist Biologe und freier Filmemacher. Sein Film \"System Change - A story of growing resistance\" hatte 2023 anl\u00e4sslich der 10. Umwelt und Klima Filmtage in Baden bei Wien in \u00d6sterreich Premiere.\u2026","rel":"","context":"In &quot;Kultur&quot;","img":{"alt_text":"","src":"","width":0,"height":0},"classes":[]},{"id":6969,"url":"http:\/\/marburg.news\/?p=6969","url_meta":{"origin":11743,"position":5},"title":"Rauben f\u00fcr Raubbau: Forscher untersuchen Rohstoffextrativismus","date":"30. April 2021","format":false,"excerpt":"Ein neues Verbundprojekt untersucht \"Rohstoffextraktivismus in Lateinamerika und dem Maghreb\". Daf\u00fcr erh\u00e4lt es mehr als zwei Millionen Euro. Die Universit\u00e4t Kassel wird gemeinsam mit der Philipps-Universit\u00e4t in den n\u00e4chsten drei Jahren in einem Verbundprojekt die gesellschaftlichen Auswirkungen von Rohstoffausbeutung im Globalen S\u00fcden untersuchen. Das Bundesministerium f\u00fcr Bildung und Forschung (BMBF)\u2026","rel":"","context":"In &quot;Bildung&quot;","img":{"alt_text":"","src":"","width":0,"height":0},"classes":[]}],"_links":{"self":[{"href":"http:\/\/marburg.news\/index.php?rest_route=\/wp\/v2\/posts\/11743"}],"collection":[{"href":"http:\/\/marburg.news\/index.php?rest_route=\/wp\/v2\/posts"}],"about":[{"href":"http:\/\/marburg.news\/index.php?rest_route=\/wp\/v2\/types\/post"}],"author":[{"embeddable":true,"href":"http:\/\/marburg.news\/index.php?rest_route=\/wp\/v2\/users\/2"}],"replies":[{"embeddable":true,"href":"http:\/\/marburg.news\/index.php?rest_route=%2Fwp%2Fv2%2Fcomments&post=11743"}],"version-history":[{"count":0,"href":"http:\/\/marburg.news\/index.php?rest_route=\/wp\/v2\/posts\/11743\/revisions"}],"wp:attachment":[{"href":"http:\/\/marburg.news\/index.php?rest_route=%2Fwp%2Fv2%2Fmedia&parent=11743"}],"wp:term":[{"taxonomy":"category","embeddable":true,"href":"http:\/\/marburg.news\/index.php?rest_route=%2Fwp%2Fv2%2Fcategories&post=11743"},{"taxonomy":"post_tag","embeddable":true,"href":"http:\/\/marburg.news\/index.php?rest_route=%2Fwp%2Fv2%2Ftags&post=11743"}],"curies":[{"name":"wp","href":"https:\/\/api.w.org\/{rel}","templated":true}]}}