{"id":11738,"date":"2023-01-24T12:44:02","date_gmt":"2023-01-24T11:44:02","guid":{"rendered":"http:\/\/marburg.news\/?p=11738"},"modified":"2023-01-24T18:43:29","modified_gmt":"2023-01-24T17:43:29","slug":"schaeden-an-autos-unfallflucht-oder-vandalismus","status":"publish","type":"post","link":"http:\/\/marburg.news\/?p=11738","title":{"rendered":"Sch\u00e4den an Autos: Unfallflucht oder Vandalismus"},"content":{"rendered":"<p>Als die Fahrerin am Sonntag (22. Januar) um 15 Uhr zu ihrem Auto zur\u00fcckkehrte, war der zuvor eingeklappte Au\u00dfenspiegel abgerissen und hing nur noch an den Kabeln. Abgestellt hatte sie das Auto am Montag (16. Januar) um 16 Uhr. <!--more--><br \/>\nOb eine Sachbesch\u00e4digung oder eine Unfallflucht nach einem missgl\u00fcckten Rangierman\u00f6ver beim Parken vorliegt, steht nicht fest. Der Schaden auf der Beifahrerseite des grauen Peugeot 308 betr\u00e4gt mehrere Hundert Euro. Tatort ist das Parkdeck 7 an der Baldingerstra\u00dfe beim Universit\u00e4tsklinikum Marburg.<br \/>\nDem Schaden nach d\u00fcrfte ein h\u00f6heres Fahrzeug &#8211; m\u00f6glicherweise ein Lastwagen, Baustellenfahrzeug oder Bus &#8211; gegen das zur Brunnenstra\u00dfe liegende Fallrohr des Anwesens &#8222;Am Engelsberg 4&#8220; gefahren sein. Durch den Unfall, den der Fahrer wahrscheinlich nicht bemerkt hat, verschob sich das Fallrohr; und es entstand eine Delle.<br \/>\nDie Unfallzeit konnte der Eigent\u00fcmer nicht einschr\u00e4nken. Aufgrund des Schadensbildes k\u00f6nnte der Unfall zwischen Montag (16. Januar) und Donnerstag (19. Januar) beim Vorbeifahren oder Rangieren passiert sein. Ob es einen Zusammenhang mit dem Verkehr anl\u00e4sslich der &#8211; in dieser Zeit eingerichteten &#8211; Baustelle in der Brunnenstra\u00dfe gibt, steht nicht fest.<br \/>\nNach bisherigen Informationen rangierte ein wei\u00dfer Kastenwagen am Freitag (20. Januar) gegen 13.30 Uhr in einer der kleinen und engen Stichstra\u00dfen der Stra\u00dfe &#8222;In der Wann&#8220;. Bei diesem Man\u00f6ver kam es &#8211; vermutlich beim R\u00fcckw\u00e4rtsfahren &#8211; zu einem Schaden an zwei M\u00fclleimern und einem Pfosten (Poller) auf dem Grundst\u00fcck des Anwesens &#8222;In der Wann 32&#8220;.<br \/>\nBei einer Kollision zwischen einem noch unbekannten Auto und einem geparkten graen Audi A6 entstand auf der rechten Seite des Audis ein Schaden von gesch\u00e4tzt 2.500 Euro. Der Verursacher fl\u00fcchtete. Die Verkehrsunfallflucht in H\u00f6he des Anwesens Uferstra\u00dfe 22 erfolgte am Samstag (21. Januar) zwischen 17.45 und 20.55 Uhr.<\/p>\n<p>* pm: Polizei Marburg<\/p>\n","protected":false},"excerpt":{"rendered":"<p>Als die Fahrerin am Sonntag (22. Januar) um 15 Uhr zu ihrem Auto zur\u00fcckkehrte, war der zuvor eingeklappte Au\u00dfenspiegel abgerissen und hing nur noch an den Kabeln. Abgestellt hatte sie das Auto am Montag (16. Januar) um 16 Uhr.<\/p>\n","protected":false},"author":2,"featured_media":0,"comment_status":"closed","ping_status":"open","sticky":false,"template":"","format":"standard","meta":{"advanced_seo_description":"","spay_email":"","jetpack_publicize_message":"","jetpack_is_tweetstorm":false,"jetpack_publicize_feature_enabled":true},"categories":[6],"tags":[16,34,24],"jetpack_featured_media_url":"","jetpack_publicize_connections":[],"jetpack_sharing_enabled":true,"jetpack_shortlink":"https:\/\/wp.me\/p8mhvd-33k","jetpack-related-posts":[{"id":1574,"url":"http:\/\/marburg.news\/?p=1574","url_meta":{"origin":11738,"position":0},"title":"Feuerwehr f\u00fcr Feuer: Brandstiftung, Vandalismus, Trunkenheit und Unfallflucht","date":"17. Januar 2018","format":false,"excerpt":"Die Feuerwehr l\u00f6schte in der Nacht zum Mittwoch (17. Januar) kurz vor Mitternacht in der Allnatalstra\u00dfe ein brennendes Dixi-Klo. Nach den ersten Ermittlungen geht die Polizei von einer Brandstiftung aus. Der Schaden betr\u00e4gt 750 Euro. Die mobile Entsorgungsstation stand an der Buswendeschleife. Dort brannte bereits vor vier bis sechs Wochen\u2026","rel":"","context":"In &quot;Sonstiges&quot;","img":{"alt_text":"","src":"","width":0,"height":0},"classes":[]},{"id":8141,"url":"http:\/\/marburg.news\/?p=8141","url_meta":{"origin":11738,"position":1},"title":"Vier Autos besch\u00e4digt: Vandalismus oder Versehen und Unfallflucht","date":"13. November 2021","format":false,"excerpt":"Zu einer Sachbesch\u00e4digung an einem schwarzen BMW der 1er Reihe kam es zwischen Donnerstag (11. November) nach 12.30 Uhr und Freitag (12. November) vor 1.15 Uhr in der Tiefgarage eines Wohnblocks \"Am Richtsberg\". Die T\u00e4ter zertr\u00fcmmerten eine Seitenscheibe. Au\u00dferdem rissen sie Fahrzeugteile ab und traten Dellen in die T\u00fcren. Der\u2026","rel":"","context":"In &quot;Sonstiges&quot;","img":{"alt_text":"","src":"","width":0,"height":0},"classes":[]},{"id":7605,"url":"http:\/\/marburg.news\/?p=7605","url_meta":{"origin":11738,"position":2},"title":"Willkommene Zeugen: Unfallflucht oder Vandalismus","date":"18. August 2021","format":false,"excerpt":"Nach einer Unfallflucht auf dem Parkplatz vor dem Anwesen Magdeburger Stra\u00dfe 8\/8a bittet die Polizei um Hinweise. Der Unfall passierte zwischen Samstag (7. August) nach 17 Uhr und Montag (16. August) vor 13 Uhr. Durch den Zusammensto\u00df riss die Hecksch\u00fcrze eines grauen Dacia Logan aus der Verankerung und wurde verkratzt.\u2026","rel":"","context":"In &quot;Sonstiges&quot;","img":{"alt_text":"","src":"","width":0,"height":0},"classes":[]},{"id":137,"url":"http:\/\/marburg.news\/?p=137","url_meta":{"origin":11738,"position":3},"title":"Autos besch\u00e4digt: Wieder Vandalismus und Unfallflucht","date":"6. Februar 2017","format":false,"excerpt":"Ein silberner VW Fox parkte am Sonntag (5. Februar) zwischen 12 und 12.20 Uhr in der Badestube. In dieser Zeit besch\u00e4digte ein Schlag oder Tritt den linken Au\u00dfenspiegel des Autos. Ein Unfall ist nach den Spuren eher unwahrscheinlich. Die Polizei ermittelt deshalb wegen Sachbesch\u00e4digung und bittet um sachdienliche Hinweise. Zu\u2026","rel":"","context":"In &quot;Sonstiges&quot;","img":{"alt_text":"","src":"","width":0,"height":0},"classes":[]},{"id":7925,"url":"http:\/\/marburg.news\/?p=7925","url_meta":{"origin":11738,"position":4},"title":"Drei besch\u00e4digte Autos: F\u00e4lle von Vandalismus oder Unfallflucht","date":"12. Oktober 2021","format":false,"excerpt":"Der linke Au\u00dfenspiegel eines schwarzen Opel Insignia brach durch eine Besch\u00e4digung komplett an der Verankerung ab. Nur noch an der Elektronikverkabelung hing er am Auto herunter. Das Auto parkte zur Tatzeit zwischen Sonntag (10. Oktober) nach 16 Uhr und Montag (11. Oktober) vor 7.30 Uhr ordnungsgem\u00e4\u00df am rechten Fahrbahnrand der\u2026","rel":"","context":"In &quot;Sonstiges&quot;","img":{"alt_text":"","src":"","width":0,"height":0},"classes":[]},{"id":348,"url":"http:\/\/marburg.news\/?p=348","url_meta":{"origin":11738,"position":5},"title":"Sch\u00e4den: Vandalismus, Graffiti, Feuer und Unfallflucht","date":"27. M\u00e4rz 2017","format":false,"excerpt":"F\u00fcr etwa 15 Minuten hielten sich Vandalen in der Nacht zum Montag (27. M\u00e4rz) auf dem Grundst\u00fcck eines Hauses am Hainweg auf. Um Mitternacht rissen sie f\u00fcnf - 1 mal 1,20 Meter gro\u00dfe - Gitter von Kellerfenstern aus der Verankerung und platzierten sie vor der Eingangst\u00fcr. Zudem stellten sie eine\u2026","rel":"","context":"In &quot;Sonstiges&quot;","img":{"alt_text":"","src":"","width":0,"height":0},"classes":[]}],"_links":{"self":[{"href":"http:\/\/marburg.news\/index.php?rest_route=\/wp\/v2\/posts\/11738"}],"collection":[{"href":"http:\/\/marburg.news\/index.php?rest_route=\/wp\/v2\/posts"}],"about":[{"href":"http:\/\/marburg.news\/index.php?rest_route=\/wp\/v2\/types\/post"}],"author":[{"embeddable":true,"href":"http:\/\/marburg.news\/index.php?rest_route=\/wp\/v2\/users\/2"}],"replies":[{"embeddable":true,"href":"http:\/\/marburg.news\/index.php?rest_route=%2Fwp%2Fv2%2Fcomments&post=11738"}],"version-history":[{"count":2,"href":"http:\/\/marburg.news\/index.php?rest_route=\/wp\/v2\/posts\/11738\/revisions"}],"predecessor-version":[{"id":11750,"href":"http:\/\/marburg.news\/index.php?rest_route=\/wp\/v2\/posts\/11738\/revisions\/11750"}],"wp:attachment":[{"href":"http:\/\/marburg.news\/index.php?rest_route=%2Fwp%2Fv2%2Fmedia&parent=11738"}],"wp:term":[{"taxonomy":"category","embeddable":true,"href":"http:\/\/marburg.news\/index.php?rest_route=%2Fwp%2Fv2%2Fcategories&post=11738"},{"taxonomy":"post_tag","embeddable":true,"href":"http:\/\/marburg.news\/index.php?rest_route=%2Fwp%2Fv2%2Ftags&post=11738"}],"curies":[{"name":"wp","href":"https:\/\/api.w.org\/{rel}","templated":true}]}}