{"id":1173,"date":"2017-10-02T16:04:54","date_gmt":"2017-10-02T14:04:54","guid":{"rendered":"http:\/\/marburg.news\/?p=1173"},"modified":"2017-10-02T16:05:04","modified_gmt":"2017-10-02T14:05:04","slug":"achtung-blinker-vw-multivan-auf-anwohnerparkplatz-beschaedigt","status":"publish","type":"post","link":"http:\/\/marburg.news\/?p=1173","title":{"rendered":"Achtung, Blinker: VW Multivan auf Anwohnerparkplatz besch\u00e4digt"},"content":{"rendered":"<p>Den Au\u00dfenspiegel eines VW Multivans besch\u00e4digte ein Unbekannter zwischen Donnerstag (21. September) nach 20 Uhr und Freitag (22. September) vor 7.45 Uhr. Der Unfall passierte auf einem Anwohnerparkplatz an der Sch\u00fcckingstra\u00dfe bei der Einm\u00fcndung in die Schwanallee.<br \/>\n<!--more--><br \/>\nDas gefundene Blinkerglas des Verursachers weist auf einen Citroen Jumper, einen Peugeot Boxer oder einen Fiat Ducato mit Kastenaufbau oder Pritsche hin. Der Schaden betr\u00e4gt 400 Euro.<\/p>\n<p> * pm: Polizei Marburg<\/p>\n","protected":false},"excerpt":{"rendered":"<p>Den Au\u00dfenspiegel eines VW Multivans besch\u00e4digte ein Unbekannter zwischen Donnerstag (21. September) nach 20 Uhr und Freitag (22. September) vor 7.45 Uhr. Der Unfall passierte auf einem Anwohnerparkplatz an der Sch\u00fcckingstra\u00dfe bei der Einm\u00fcndung in die Schwanallee.<\/p>\n","protected":false},"author":4,"featured_media":0,"comment_status":"open","ping_status":"open","sticky":false,"template":"","format":"standard","meta":{"advanced_seo_description":"","spay_email":"","jetpack_publicize_message":"","jetpack_is_tweetstorm":false,"jetpack_publicize_feature_enabled":true},"categories":[6],"tags":[772,16,34],"jetpack_featured_media_url":"","jetpack_publicize_connections":[],"jetpack_sharing_enabled":true,"jetpack_shortlink":"https:\/\/wp.me\/p8mhvd-iV","jetpack-related-posts":[{"id":1150,"url":"http:\/\/marburg.news\/?p=1150","url_meta":{"origin":1173,"position":0},"title":"Fl\u00fcchtige Fahrt: Autos bei drei Unf\u00e4llen besch\u00e4digt","date":"27. September 2017","format":false,"excerpt":"Eine Kollision zwischen einem schwarzen VW Golf und einem wei\u00dfen Ford Custom Kombi ereignete sich am Freitag (22. September). Der Unfall passierte gegen 16.30 Uhr beim Linksabbiegen im Bereich der Universit\u00e4tsstra\u00dfe. Die Unfallbeteiligten tauschten leider nicht in ausreichender Weise ihre Personalien und Kennzeichen aus. Der Golf-Fahrer und m\u00f6gliche Zeugen werden\u2026","rel":"","context":"In &quot;Sonstiges&quot;","img":{"alt_text":"","src":"","width":0,"height":0},"classes":[]},{"id":7757,"url":"http:\/\/marburg.news\/?p=7757","url_meta":{"origin":1173,"position":1},"title":"In Wehrda: Parkender VW Multivan besch\u00e4digt","date":"15. September 2021","format":false,"excerpt":"Ein Auto besch\u00e4digte am Montag (13. September) einen wei\u00dfen VW Multivan. Der genaue Unfallort ist bislang nicht bekannt. Zwischen 9 und 10 Uhr stand der Kleinbus auf verschiedenen Parkpl\u00e4tzen im Kaufpark Wehrda. Der Schaden von 100 Euro entstand an seiner hinteren Sto\u00dfstange. * pm: Polizei Marburg","rel":"","context":"In &quot;Sonstiges&quot;","img":{"alt_text":"","src":"","width":0,"height":0},"classes":[]},{"id":13884,"url":"http:\/\/marburg.news\/?p=13884","url_meta":{"origin":1173,"position":2},"title":"Tatort Marburg: Erneut drei F\u00e4lle von Unfallflucht","date":"25. September 2023","format":false,"excerpt":"Eine falsche Telefonnummer hinterlie\u00df ein Unbekannter in der D\u00fcrerstra\u00dfe. Dort hatte erdie Anh\u00e4ngerkupplung eines geparkten VW touchiert. Der Besitzer des grauen Golf hatte sein Fahrzeug am Freitag (22. September) gegen 9 Uhr dort auf einem Parkplatz abgestellt. Als er einen Tag sp\u00e4ter am Samstag (23. September) gegen 9.30 Uhr zur\u00fcckkam,\u2026","rel":"","context":"In &quot;Sonstiges&quot;","img":{"alt_text":"","src":"","width":0,"height":0},"classes":[]},{"id":16433,"url":"http:\/\/marburg.news\/?p=16433","url_meta":{"origin":1173,"position":3},"title":"Mit Besch\u00e4digung: Unbekannter touchierte geparkten VW","date":"25. September 2024","format":false,"excerpt":"Einen schwarzen VW Multivan touchierte ein Auto in der Georg-Voigt-Stra\u00dfe vermutlich beim Vorbeifahren. Dadurch entstand am Montag (23. September) zwischen 8.05 und 8.25 Uhr ein Schaden von etwa 500 Euro am Au\u00dfenspiegel. Ohne sich darum zu k\u00fcmmern, entfernte sich der Verursacher unerlaubt. Die Polizei Marburg bittet um Zeugenhinweise an die\u2026","rel":"","context":"In &quot;Sonstiges&quot;","img":{"alt_text":"","src":"","width":0,"height":0},"classes":[]},{"id":4686,"url":"http:\/\/marburg.news\/?p=4686","url_meta":{"origin":1173,"position":4},"title":"Sch\u00e4den an Autos: Erneut drei F\u00e4lle von Unfallflucht","date":"3. Februar 2020","format":false,"excerpt":"500 Euro Schaden beklagt die Besitzerin eines Mitsubishi nach einem Unfall an Samstag (1. Februar). Der orangefarbene \"Space Star\" parkte zwischen 11.45 und 12.30 Uhr auf dem Parkplatz eines Einkaufsmarkts an der Tom-Mutters-Stra\u00dfe. Als die Frau zu ihrem Wagen zur\u00fcckkam, war er an der hinteren Sto\u00dfstange besch\u00e4digt. Vermutlich handelt es\u2026","rel":"","context":"In &quot;Sonstiges&quot;","img":{"alt_text":"","src":"","width":0,"height":0},"classes":[]},{"id":4217,"url":"http:\/\/marburg.news\/?p=4217","url_meta":{"origin":1173,"position":5},"title":"Krachende Freude: Diebstahl, Unfallflucht und Tankbetrug","date":"19. September 2019","format":false,"excerpt":"Nach einer Unfallflucht und einem Tankbetrug sucht die Polizei den T\u00e4ter. Er nutzte am Mittwoch (18. September) einen grauen Renault Traffic. An diesem Auto waren gestohlene Kennzeichen mit der Anfangskennung \"BM\" f\u00fcr den Rhein-Erft-Kreis in Nordrhein-Westfalen angebracht. Mit dem Wagen verursachte er einen Unfall und einen Tankbetrug. Um 15.35 Uhr\u2026","rel":"","context":"In &quot;Sonstiges&quot;","img":{"alt_text":"","src":"","width":0,"height":0},"classes":[]}],"_links":{"self":[{"href":"http:\/\/marburg.news\/index.php?rest_route=\/wp\/v2\/posts\/1173"}],"collection":[{"href":"http:\/\/marburg.news\/index.php?rest_route=\/wp\/v2\/posts"}],"about":[{"href":"http:\/\/marburg.news\/index.php?rest_route=\/wp\/v2\/types\/post"}],"author":[{"embeddable":true,"href":"http:\/\/marburg.news\/index.php?rest_route=\/wp\/v2\/users\/4"}],"replies":[{"embeddable":true,"href":"http:\/\/marburg.news\/index.php?rest_route=%2Fwp%2Fv2%2Fcomments&post=1173"}],"version-history":[{"count":1,"href":"http:\/\/marburg.news\/index.php?rest_route=\/wp\/v2\/posts\/1173\/revisions"}],"predecessor-version":[{"id":1174,"href":"http:\/\/marburg.news\/index.php?rest_route=\/wp\/v2\/posts\/1173\/revisions\/1174"}],"wp:attachment":[{"href":"http:\/\/marburg.news\/index.php?rest_route=%2Fwp%2Fv2%2Fmedia&parent=1173"}],"wp:term":[{"taxonomy":"category","embeddable":true,"href":"http:\/\/marburg.news\/index.php?rest_route=%2Fwp%2Fv2%2Fcategories&post=1173"},{"taxonomy":"post_tag","embeddable":true,"href":"http:\/\/marburg.news\/index.php?rest_route=%2Fwp%2Fv2%2Ftags&post=1173"}],"curies":[{"name":"wp","href":"https:\/\/api.w.org\/{rel}","templated":true}]}}