{"id":11708,"date":"2023-01-18T18:15:27","date_gmt":"2023-01-18T17:15:27","guid":{"rendered":"http:\/\/marburg.news\/?p=11708"},"modified":"2023-01-18T18:15:27","modified_gmt":"2023-01-18T17:15:27","slug":"infektionen-in-marburg-corona-inzidenz-weiter-zurueckgegangen","status":"publish","type":"post","link":"http:\/\/marburg.news\/?p=11708","title":{"rendered":"Infektionen in Marburg: Corona-Inzidenz weiter zur\u00fcckgegangen"},"content":{"rendered":"<p>Dersechste Wochenbericht des Gesundheitsamts von Mittwoch (18. Januar) weist 353 Corona-Neuinfektionen aus. Die Inzidenz lag demnach im Wochendurchschnitt bei 165,8. <!--more--><br \/>\nDas Gesundheitsamt des Landkreises Marburg-Biedenkopf hat in der zweiten Kalender woche des Jahres 2023 von Montag (9. Januar) bis Sonntag (15. Januar) insgesamt 353 Corona-Neuinfektionen registriert. Die Gesamtzahl der seit M\u00e4rz 2020 best\u00e4tigten Corona-F\u00e4lle im Kreis hat sich in dieser Zeit um 344 auf 120.234 erh\u00f6ht. Darin sind neben den Neuinfektionen auch Nach\u00fcbermittlungen und Datenkorrekturen enthalten.<br \/>\nDie Zahl der aktiven Corona-Infektionen im Marburger Stadtgebiet ist von 149 auf 94 zur\u00fcckgegangen. Die &#8211; vom Robert Koch-Institut (RKI) angegebene &#8211;<br \/>\nInzidenz f\u00fcr den Landkreis Marburg-Biedenkopf lag im Wochendurchschnitt bei 165,8. In der <a href=\"http:\/\/marburg.news\/?p=11653\">Vorwoche hatte sie noch bei 219,9<\/a> gelegen.<br \/>\n32 Patientinnen und Patienten aus dem Landkreis wurden mit oder wegen einer Corona-Infektion station\u00e4r im Krankenhaus behandelt. Davon ben\u00f6tigten f\u00fcnf eine intensivmedizinische Betreuung. Die Zahl der &#8222;Genesenen&#8220; hat sich im Berichtszeitraum um 513 auf 119.288 erh\u00f6ht.<br \/>\nDie Zahl der Todesf\u00e4lle im Zusammenhang mit einer Corona-Infektion ist im Berichtszeitraum um zwei F\u00e4lle auf 458 gestiegen. Bei einem Todesfall handelt es sich um eine Nachmeldung aus den zur\u00fcckliegenden Wochen.<br \/>\nDie Neuinfektionen innerhalb einer Woche verteilen sich auf die Altersgruppe bis vier Jahre mit vier F\u00e4llen, auf die Altersgruppe f\u00fcnf bis 14 mit 14 F\u00e4llen, die Altersgruppe 15 bis 34 mit 83 und aauf die Altersgruppe 35 bis 59 mit 138 Infizierten. Auf die Altersgruppe 60 bis 79 entfielen 66 F\u00e4lle und auf die Altersgruppe &#8222;80+&#8220; weitere 48 F\u00e4lle.<\/p>\n<p>* pm: Landkreis Marburg-Biedenkopf<\/p>\n","protected":false},"excerpt":{"rendered":"<p>Dersechste Wochenbericht des Gesundheitsamts von Mittwoch (18. Januar) weist 353 Corona-Neuinfektionen aus. Die Inzidenz lag demnach im Wochendurchschnitt bei 165,8.<\/p>\n","protected":false},"author":2,"featured_media":0,"comment_status":"closed","ping_status":"open","sticky":false,"template":"","format":"standard","meta":{"advanced_seo_description":"","spay_email":"","jetpack_publicize_message":"","jetpack_is_tweetstorm":false,"jetpack_publicize_feature_enabled":true},"categories":[2,4],"tags":[2310,2777,2848],"jetpack_featured_media_url":"","jetpack_publicize_connections":[],"jetpack_sharing_enabled":true,"jetpack_shortlink":"https:\/\/wp.me\/p8mhvd-32Q","jetpack-related-posts":[{"id":11755,"url":"http:\/\/marburg.news\/?p=11755","url_meta":{"origin":11708,"position":0},"title":"Zahlen berichtet: Corona-Infektionen nehmen weiter ab","date":"25. Januar 2023","format":false,"excerpt":"Der siebte Wochenbericht des Gesundheitsamts von Mittwoch (25. Januar) weist 251 Corona-Neuinfektionen aus. Die Inzidenz lag im Wochendurchschnitt bei 128,9. Das Gesundheitsamt des Landkreises Marburg-Biedenkopf hat in der dritten Kalenderwoche des Jahres 2023 von Montag (16. Januar) bis Sonntag (22. Januar) insgesamt 251 Corona-Neuinfektionen registriert. Die Gesamtzahl der seit M\u00e4rz\u2026","rel":"","context":"In &quot;Politik&quot;","img":{"alt_text":"","src":"","width":0,"height":0},"classes":[]},{"id":11809,"url":"http:\/\/marburg.news\/?p=11809","url_meta":{"origin":11708,"position":1},"title":"Zum Krankenstand: Elf Corona-Tote und 243 Neuinfektionen","date":"1. Februar 2023","format":false,"excerpt":"Der Wochenbericht des Gesundheitsamts von Mittwoch (1. Februar) weist 243 Corona-Neuinfektionen aus. Im Wochendurchschnitt lag die Inzidenz im Landkreis bei 93,6. In der Kalenderwoche 4 von Montag (23. Januar) bis Sonntag (29. Januar) hat das Gesundheitsamt des Landkreises Marburg-Biedenkopf 243 Corona-Neuinfektionen registriert. Die Gesamtzahl der seit M\u00e4rz 2020 best\u00e4tigten Corona-F\u00e4lle\u2026","rel":"","context":"In &quot;Politik&quot;","img":{"alt_text":"","src":"","width":0,"height":0},"classes":[]},{"id":11653,"url":"http:\/\/marburg.news\/?p=11653","url_meta":{"origin":11708,"position":2},"title":"Ausz\u00e4hlung hautnah: Inzidenz im Kreis auf 219,9 gesunken","date":"11. Januar 2023","format":false,"excerpt":"Seinen f\u00fcnften Wochenbericht zur Corona-Pandemie hat der Landkreis Marburg-Biedenkopf am Mittwoch (11. Januar) ver\u00f6ffentlicht. Er weist 506 Corona-Neuinfektionen aus. Das Gesundheitsamt des Landkreises Marburg-Biedenkopf hat in der ersten Kalenderwoche 2023 von Montag (2. Januar) bis Sonntag (8. Januar) insgesamt 506 Corona-Neuinfektionen registriert. Die durchschnittliche Inzidenz ist von 247,9 in der\u2026","rel":"","context":"In &quot;Politik&quot;","img":{"alt_text":"","src":"","width":0,"height":0},"classes":[]},{"id":6322,"url":"http:\/\/marburg.news\/?p=6322","url_meta":{"origin":11708,"position":3},"title":"M\u00f6gliche Infizierung: 78 neue Corona-F\u00e4lle und ein Todesfall","date":"8. Januar 2021","format":false,"excerpt":"Einen weiteren Corona-Todesfall und 78 Neuinfektionen meldete der Landkreis am Freitag (8. Januar). Die Inzidenz sank auf 109,5. Das Gesundheitsamt des Landkreises Marburg-Biedenkopf hat innerhalb eines Tages 78 neue Corona-F\u00e4lle registriert. Die Gesamtzahl der seit M\u00e4rz best\u00e4tigten Corona-Infektionen lag am Freitag (8. Januar) bei 5.537. 21 Betroffene wurden station\u00e4r im\u2026","rel":"","context":"In &quot;Politik&quot;","img":{"alt_text":"","src":"","width":0,"height":0},"classes":[]},{"id":11592,"url":"http:\/\/marburg.news\/?p=11592","url_meta":{"origin":11708,"position":4},"title":"Corona und Fluch: Inzidenz im Kreis auf 247,9 gestiegen","date":"4. Januar 2023","format":false,"excerpt":"Der vierte Wochenbericht des Gesundheitsamts weist 524 Corona-Neuinfektionen aus. Im Wochendurchschnitt lag die Inzidenz laut RKI bei 247,9. Das Gesundheitsamt des Landkreises Marburg-Biedenkopf hat in der Kalenderwoche 52 von Montag (26. Dezember) bis Sonntag (1. Januar) insgesamt 524 Corona-Neuinfektionen registriert. Die Gesamtzahl der seit M\u00e4rz 2020 best\u00e4tigten Corona-F\u00e4lle im Kreis\u2026","rel":"","context":"In &quot;Politik&quot;","img":{"alt_text":"","src":"","width":0,"height":0},"classes":[]},{"id":6367,"url":"http:\/\/marburg.news\/?p=6367","url_meta":{"origin":11708,"position":5},"title":"In der Klinik: Corona-Inzidenz sinkt auf 86,8","date":"19. Januar 2021","format":false,"excerpt":"21 Corona-Neuinfektionen am Dienstag (19. Januar) lassen die Inzidenz im Landkreis unter 100 sinken. Drei weitere Todesf\u00e4lle warnen jedoch vor Sorglosigkeit im Umgang mit der Pandemie. Das Gesundheitsamt des Landkreises Marburg-Biedenkopf hat innerhalb eines Tages 21 neue Corona-F\u00e4lle registriert. Die Gesamtzahl der seit M\u00e4rz best\u00e4tigten Corona-Infektionen liegt damit bei 5.867.\u2026","rel":"","context":"In &quot;Politik&quot;","img":{"alt_text":"","src":"","width":0,"height":0},"classes":[]}],"_links":{"self":[{"href":"http:\/\/marburg.news\/index.php?rest_route=\/wp\/v2\/posts\/11708"}],"collection":[{"href":"http:\/\/marburg.news\/index.php?rest_route=\/wp\/v2\/posts"}],"about":[{"href":"http:\/\/marburg.news\/index.php?rest_route=\/wp\/v2\/types\/post"}],"author":[{"embeddable":true,"href":"http:\/\/marburg.news\/index.php?rest_route=\/wp\/v2\/users\/2"}],"replies":[{"embeddable":true,"href":"http:\/\/marburg.news\/index.php?rest_route=%2Fwp%2Fv2%2Fcomments&post=11708"}],"version-history":[{"count":0,"href":"http:\/\/marburg.news\/index.php?rest_route=\/wp\/v2\/posts\/11708\/revisions"}],"wp:attachment":[{"href":"http:\/\/marburg.news\/index.php?rest_route=%2Fwp%2Fv2%2Fmedia&parent=11708"}],"wp:term":[{"taxonomy":"category","embeddable":true,"href":"http:\/\/marburg.news\/index.php?rest_route=%2Fwp%2Fv2%2Fcategories&post=11708"},{"taxonomy":"post_tag","embeddable":true,"href":"http:\/\/marburg.news\/index.php?rest_route=%2Fwp%2Fv2%2Ftags&post=11708"}],"curies":[{"name":"wp","href":"https:\/\/api.w.org\/{rel}","templated":true}]}}