{"id":11653,"date":"2023-01-11T15:33:27","date_gmt":"2023-01-11T14:33:27","guid":{"rendered":"http:\/\/marburg.news\/?p=11653"},"modified":"2023-01-12T11:59:28","modified_gmt":"2023-01-12T10:59:28","slug":"auszaehlung-hautnah-inzidenz-im-kreis-auf-2199-gesunken","status":"publish","type":"post","link":"http:\/\/marburg.news\/?p=11653","title":{"rendered":"Ausz\u00e4hlung hautnah: Inzidenz im Kreis auf 219,9 gesunken"},"content":{"rendered":"<p>Seinen f\u00fcnften Wochenbericht zur Corona-Pandemie hat der Landkreis Marburg-Biedenkopf am Mittwoch (11. Januar) ver\u00f6ffentlicht. Er weist 506 Corona-Neuinfektionen aus.<br \/>\n<!--more--><br \/>\nDas Gesundheitsamt des Landkreises Marburg-Biedenkopf hat in der ersten Kalenderwoche 2023 von Montag (2. Januar) bis Sonntag (8. Januar) insgesamt 506 Corona-Neuinfektionen registriert. Die durchschnittliche Inzidenz ist von <a href=\"http:\/\/marburg.news\/?p=11592\">247,9 in der Vorwoche<\/a> auf 219,9 gesunken. Die Zahl der aktiven Corona-Infektionen in der Stadt Marburg ist von 172 auf 150 zur\u00fcckgegangen.<br \/>\nDie Gesamtzahl der seit M\u00e4rz 2020 best\u00e4tigten Corona-F\u00e4lle im Kreis hat sich in dieser Zeit um 517 auf 119.890 erh\u00f6ht. Darin sind neben den Neuinfektionen auch Nach\u00fcbermittlungen und Datenkorrekturen enthalten.<br \/>\n35 Patientinnen und Patienten wurden mit oder wegen einer Corona-Infektion station\u00e4r im Krankenhaus behandelt. Davon ben\u00f6tigten drei Personen eine intensivmedizinische Betreuung. Die Zahl der &#8222;Genesenen&#8220; hat sich im Berichtszeitraum um 588 auf 118.775 erh\u00f6ht.<br \/>\nDie Zahl der Todesf\u00e4lle im Zusammenhang mit einer Corona-Infektion ist im Berichtszeitraum um elf F\u00e4lle auf 456 gestiegen. Bei diesen Todesf\u00e4llen handelt es sich um Nachmeldungen aus den zur\u00fcckliegenden Wochen. Die &#8211; vom Robert Koch-Institut (RKI) angegebene &#8211; Inzidenz f\u00fcr den Landkreis Marburg-Biedenkopf lag im Wochendurchschnitt bei 219,9.<br \/>\nDie Neuinfektionen innerhalb einer Woche verteilen sich auf die Altersgruppe bis vier Jahre mit zwei F\u00e4llen, auf die Altersgruppe f\u00fcnf bis 14 Jahre mit neun F\u00e4llen, die Altersgruppe 15 bis 34 mit 132 und auf die Altersgruppe 35 bis 59 mit 216 F\u00e4llen. Die Altersgruppe 60 bis 79 ist mit 95 Infizierten und die Altersgruppe &#8222;80+&#8220; mit 52 F\u00e4llen vertreten.<\/p>\n<p>* pm: Landkreis Marburg-Biedenkopf<\/p>\n","protected":false},"excerpt":{"rendered":"<p>Seinen f\u00fcnften Wochenbericht zur Corona-Pandemie hat der Landkreis Marburg-Biedenkopf am Mittwoch (11. Januar) ver\u00f6ffentlicht. Er weist 506 Corona-Neuinfektionen aus.<\/p>\n","protected":false},"author":2,"featured_media":0,"comment_status":"closed","ping_status":"open","sticky":false,"template":"","format":"standard","meta":{"advanced_seo_description":"","spay_email":"","jetpack_publicize_message":"","jetpack_is_tweetstorm":false,"jetpack_publicize_feature_enabled":true},"categories":[2,4],"tags":[2310,2777,2848],"jetpack_featured_media_url":"","jetpack_publicize_connections":[],"jetpack_sharing_enabled":true,"jetpack_shortlink":"https:\/\/wp.me\/p8mhvd-31X","jetpack-related-posts":[{"id":6364,"url":"http:\/\/marburg.news\/?p=6364","url_meta":{"origin":11653,"position":0},"title":"Marburg-Biedenkopf: Keine einzige Corona-Neuinfektion im Kreis","date":"18. Januar 2021","format":false,"excerpt":"Keine neuen Corona-F\u00e4lle hat das Gesundheitsamt Marburg am Montag (18. Januar) registriert. Dadurch ist die Inzidenz um 6,5 auf 103,8 gesunken. Die Gesamtzahl der seit M\u00e4rz best\u00e4tigten Corona-Infektionen lag am Montag (18. Januar) bei 5.844. 23 Betroffene wurden station\u00e4r im Krankenhaus behandelt. Das waren zwei weniger als am Sonntag (17.\u2026","rel":"","context":"In &quot;Politik&quot;","img":{"alt_text":"","src":"","width":0,"height":0},"classes":[]},{"id":6336,"url":"http:\/\/marburg.news\/?p=6336","url_meta":{"origin":11653,"position":1},"title":"Erneut Todesmeldung: 66 Neuinfektionen mit Coronavirus im Kreis","date":"12. Januar 2021","format":false,"excerpt":"66 Corona-Neuinfektionen und einen weiteren Todesfall meldete der Landkreis am Dienstag (12. Januar). Die Inzidenz ist auf 122,1 angestiegen. Die Gesamtzahl der seit M\u00e4rz best\u00e4tigten Corona-Infektionen liegt nunmehr bei 5.653. Derzeit werden 24 Betroffene station\u00e4r im Krankenhaus behandelt. Das ist eine Person weniger als am Montag (11. Januar). Weiterhin ben\u00f6tigen\u2026","rel":"","context":"In &quot;Politik&quot;","img":{"alt_text":"","src":"","width":0,"height":0},"classes":[]},{"id":6376,"url":"http:\/\/marburg.news\/?p=6376","url_meta":{"origin":11653,"position":2},"title":"Einsichtig gehandelt: Inzidenz im Kreis sinkt auf 72,2","date":"20. Januar 2021","format":false,"excerpt":"43 Corona-Neuinfektionen senken die Inzidenz im Landkreis auf 72,2 ab. Zwei weitere Todesf\u00e4lle mahnen jedoch zur Vorsicht. Das Gesundheitsamt des Landkreises Marburg-Biedenkopf hat innerhalb eines Tages 43 neue Corona-F\u00e4lle registriert. Die Gesamtzahl der seit M\u00e4rz best\u00e4tigten Corona-Infektionen lag am Mittwoch (20. Januar) bei 5.908. 29 Betroffene wurden station\u00e4r im Krankenhaus\u2026","rel":"","context":"In &quot;Politik&quot;","img":{"alt_text":"","src":"","width":0,"height":0},"classes":[]},{"id":6405,"url":"http:\/\/marburg.news\/?p=6405","url_meta":{"origin":11653,"position":3},"title":"Vermehrung der Todesf\u00e4lle: Elf Neuinfektionen und vier Corona-Tote im Kreis","date":"26. Januar 2021","format":false,"excerpt":"Elf Corona-Neuinfektionen lassen die Inzidenz im Landkreis auf 62,9 sinken. Allerdings meldete das Gesundheitsamt vier weitere Todesf\u00e4lle. Die Gesamtzahl der seit M\u00e4rz im Landkreis best\u00e4tigten Corona-Infektionen lag am Dienstag (26. Januar) bei 6.018. 23 Betroffene wurden station\u00e4r im Krankenhaus behandelt. Das sind drei mehr als am Montag (24. Januar). Weiterhin\u2026","rel":"","context":"In &quot;Politik&quot;","img":{"alt_text":"","src":"","width":0,"height":0},"classes":[]},{"id":8522,"url":"http:\/\/marburg.news\/?p=8522","url_meta":{"origin":11653,"position":4},"title":"Impfen und Immunit\u00e4t: 25 Neuinfektionen senken Inzidenz auf 257,8","date":"10. Januar 2022","format":false,"excerpt":"25 Corona-Neuinfektionen hat das Gesundheitsamt am Montag (10. Januar) gemeldet. Die Inzidenz im Kreis ist auf 257,8 gesunken. Das Gesundheitsamt des Landkreises Marburg-Biedenkopf hat innerhalb eines Tages 25 neue Corona-F\u00e4lle registriert. Die Gesamtzahl der seit M\u00e4rz 2020 best\u00e4tigten Corona-Infektionen liegt damit bei 16.565 Die Zahl der \"Genesenen\" hat sich um\u2026","rel":"","context":"In &quot;Politik&quot;","img":{"alt_text":"","src":"","width":0,"height":0},"classes":[]},{"id":6350,"url":"http:\/\/marburg.news\/?p=6350","url_meta":{"origin":11653,"position":5},"title":"Bis 16. Januar: 16 Corona-Neuinfektionen und Drei weitere Todesf\u00e4lle","date":"15. Januar 2021","format":false,"excerpt":"16 Corona-Neuinfektionen und drei weitere Todesf\u00e4lle hat der Landkreis am Freitag (15. Januar) gemeldet. Die Inzidenz sinkt deutlich auf 100,2. Die Gesamtzahl der seit M\u00e4rz best\u00e4tigten Corona-Infektionen im Landkreis Marburg-Biedenkopf lag am Freitag (15. Januar) bei 5.782. 32 Betroffene wurden station\u00e4r im Krankenhaus behandelt. Das sind zwei mehr als am\u2026","rel":"","context":"In &quot;Politik&quot;","img":{"alt_text":"","src":"","width":0,"height":0},"classes":[]}],"_links":{"self":[{"href":"http:\/\/marburg.news\/index.php?rest_route=\/wp\/v2\/posts\/11653"}],"collection":[{"href":"http:\/\/marburg.news\/index.php?rest_route=\/wp\/v2\/posts"}],"about":[{"href":"http:\/\/marburg.news\/index.php?rest_route=\/wp\/v2\/types\/post"}],"author":[{"embeddable":true,"href":"http:\/\/marburg.news\/index.php?rest_route=\/wp\/v2\/users\/2"}],"replies":[{"embeddable":true,"href":"http:\/\/marburg.news\/index.php?rest_route=%2Fwp%2Fv2%2Fcomments&post=11653"}],"version-history":[{"count":1,"href":"http:\/\/marburg.news\/index.php?rest_route=\/wp\/v2\/posts\/11653\/revisions"}],"predecessor-version":[{"id":11654,"href":"http:\/\/marburg.news\/index.php?rest_route=\/wp\/v2\/posts\/11653\/revisions\/11654"}],"wp:attachment":[{"href":"http:\/\/marburg.news\/index.php?rest_route=%2Fwp%2Fv2%2Fmedia&parent=11653"}],"wp:term":[{"taxonomy":"category","embeddable":true,"href":"http:\/\/marburg.news\/index.php?rest_route=%2Fwp%2Fv2%2Fcategories&post=11653"},{"taxonomy":"post_tag","embeddable":true,"href":"http:\/\/marburg.news\/index.php?rest_route=%2Fwp%2Fv2%2Ftags&post=11653"}],"curies":[{"name":"wp","href":"https:\/\/api.w.org\/{rel}","templated":true}]}}