{"id":11582,"date":"2023-01-03T12:56:02","date_gmt":"2023-01-03T11:56:02","guid":{"rendered":"http:\/\/marburg.news\/?p=11582"},"modified":"2023-01-03T12:56:02","modified_gmt":"2023-01-03T11:56:02","slug":"mls-im-dezember-unfallflucht-auf-schulparkplatz","status":"publish","type":"post","link":"http:\/\/marburg.news\/?p=11582","title":{"rendered":"MLS im Dezember: Unfallflucht auf Schulparkplatz"},"content":{"rendered":"<p>Auf dem Parkplatz einer Schule an der Savignystra\u00dfe touchierte ein Auto am Freitag (23. Dezember) einen geparkten Suzuki. Zwischen 10.10 und 13.10 Uhr entstanden an dem schwarzen Baleno Sch\u00e4den von etwa 1.500 Euro. <!--more--><br \/>\nDer Verursacher entfernte sich unerlaubt, die Marburger Polizei ermittelt wegen Fahrerflucht. Die Unfallflucht erfolgte auf dem Parkplatz der Martin-Luther-Schule (MLS).<\/p>\n<p>* pm: Polizei Marburg<\/p>\n","protected":false},"excerpt":{"rendered":"<p>Auf dem Parkplatz einer Schule an der Savignystra\u00dfe touchierte ein Auto am Freitag (23. Dezember) einen geparkten Suzuki. Zwischen 10.10 und 13.10 Uhr entstanden an dem schwarzen Baleno Sch\u00e4den von etwa 1.500 Euro.<\/p>\n","protected":false},"author":2,"featured_media":0,"comment_status":"closed","ping_status":"open","sticky":false,"template":"","format":"standard","meta":{"advanced_seo_description":"","spay_email":"","jetpack_publicize_message":"","jetpack_is_tweetstorm":false,"jetpack_publicize_feature_enabled":true},"categories":[6],"tags":[16,375,34],"jetpack_featured_media_url":"","jetpack_publicize_connections":[],"jetpack_sharing_enabled":true,"jetpack_shortlink":"https:\/\/wp.me\/p8mhvd-30O","jetpack-related-posts":[{"id":10025,"url":"http:\/\/marburg.news\/?p=10025","url_meta":{"origin":11582,"position":0},"title":"Fr\u00fches Wegfahren: Erneut zwei F\u00e4lle von Unfallflucht","date":"29. Juni 2022","format":false,"excerpt":"Ein wei\u00dfer Passat Kombi wurde am Donnerstag (23. Juni) besch\u00e4digt. Der Schaden zieht sich \u00fcber die gesamte Beifahrerseite hin. Zur Unfallzeit parkte der VW Passat Kombi auf dem hinteren Parkplatz der Martin-Luther-Schule (MLS). Der Parkplatz grenzt an die Uferstra\u00dfe. Der Kombi stand mit der Fahrerseite parallel zum Geb\u00e4ude. Am Donnerstag\u2026","rel":"","context":"In &quot;Sonstiges&quot;","img":{"alt_text":"","src":"","width":0,"height":0},"classes":[]},{"id":58,"url":"http:\/\/marburg.news\/?p=58","url_meta":{"origin":11582,"position":1},"title":"Hinten links: Schaden auf Parkplatz von Schule","date":"10. Januar 2017","format":false,"excerpt":"Beim Ein- oder Ausparken touchierte ein Auto am Montag (9. Januar) zwischen 14 und 14.50 Uhr einen roten Citroen. Der Fahrer hinterlie\u00df hinten links an dem Wagen einen Schaden von 250 Euro. Die Unfallflucht ereignete sich auf dem Parkplatz einer Schule am Alten Kirchhainer Weg. * pm: Polizei Marburg","rel":"","context":"In &quot;Sonstiges&quot;","img":{"alt_text":"","src":"","width":0,"height":0},"classes":[]},{"id":18118,"url":"http:\/\/marburg.news\/?p=18118","url_meta":{"origin":11582,"position":2},"title":"In Savignystra\u00dfe: Unfallflucht auf Parkplatz von Schule","date":"3. Juni 2025","format":false,"excerpt":"Auf dem Parkplatz der Martin-Luther-Schule an der Savignystra\u00dfe touchierte ein Auto einen grauen VW Golf, der dort zwischen Samstag (31. Mai) nach 18.10 Uhr und Sonntag (1. Juni) bis 18.30 Uhr stand. Anstatt sich um den Schaden von etwa 1.500 Euro an der hinteren Sto\u00dfstange zu k\u00fcmmern, fl\u00fcchtete der Verursacher.\u2026","rel":"","context":"In &quot;Sonstiges&quot;","img":{"alt_text":"","src":"","width":0,"height":0},"classes":[]},{"id":11289,"url":"http:\/\/marburg.news\/?p=11289","url_meta":{"origin":11582,"position":3},"title":"Davongefahren: Unfallflucht auf Schulparkplatz","date":"25. November 2022","format":false,"excerpt":"Zu einer Unfallflucht kam es am Donnerstag (24. November) auf dem Parkplatz der Adolf-Reichwein-Schule (ARS) an der Weintrautstra\u00dfe. Der Unfallhergang steht nicht fest. Ein unbekanntes Auto kollidierte zwischen 12.50 und 13.10 Uhr mit einem grauen Opel Astra. Dadurch verursachte es hinten links einen Schaden von mehreren Hundert Euro. Der Verursacher\u2026","rel":"","context":"In &quot;Sonstiges&quot;","img":{"alt_text":"","src":"","width":0,"height":0},"classes":[]},{"id":4102,"url":"http:\/\/marburg.news\/?p=4102","url_meta":{"origin":11582,"position":4},"title":"Sch\u00e4den an Autos: Verfolgungsjagd, Unfallflucht und Vandalismus","date":"16. August 2019","format":false,"excerpt":"Dank vorbildlichen Zeugenverhaltens nahm die Polizei in der Nacht zum Freitag (16. August) kurz nach 1 Uhr einen 44 Jahre alten Marburger vor\u00fcbergehend fest. Mit seinem BMW war er auf der B3A zwischen Weimar und Marburg von der Stra\u00dfe abgekommen. Anschlie\u00dfend war der Wagen \u00fcber insgesamt acht Felder an der\u2026","rel":"","context":"In &quot;Sonstiges&quot;","img":{"alt_text":"","src":"","width":0,"height":0},"classes":[]},{"id":2769,"url":"http:\/\/marburg.news\/?p=2769","url_meta":{"origin":11582,"position":5},"title":"Bei Busch und Bushaltestelle: Unfallflucht bei Schule und am Stadion","date":"30. Oktober 2018","format":false,"excerpt":"Minimale Reste gr\u00fcnen Lacks sicherte die Polizei an einem besch\u00e4digten schwarzen Fiat 500. Der Fiat hat eine Delle im Heck. Au\u00dferdem weist der Wagen massive Lacksch\u00e4den, eine besch\u00e4digte Beleuchtungseinheit hinten links und Kratzer auf der Heckscheibe auf. Der Gesamtschaden bel\u00e4uft sich auf mindestens 4.000 Euro. Sein Ausma\u00df l\u00e4sst vermuten, dass\u2026","rel":"","context":"In &quot;Sonstiges&quot;","img":{"alt_text":"","src":"","width":0,"height":0},"classes":[]}],"_links":{"self":[{"href":"http:\/\/marburg.news\/index.php?rest_route=\/wp\/v2\/posts\/11582"}],"collection":[{"href":"http:\/\/marburg.news\/index.php?rest_route=\/wp\/v2\/posts"}],"about":[{"href":"http:\/\/marburg.news\/index.php?rest_route=\/wp\/v2\/types\/post"}],"author":[{"embeddable":true,"href":"http:\/\/marburg.news\/index.php?rest_route=\/wp\/v2\/users\/2"}],"replies":[{"embeddable":true,"href":"http:\/\/marburg.news\/index.php?rest_route=%2Fwp%2Fv2%2Fcomments&post=11582"}],"version-history":[{"count":0,"href":"http:\/\/marburg.news\/index.php?rest_route=\/wp\/v2\/posts\/11582\/revisions"}],"wp:attachment":[{"href":"http:\/\/marburg.news\/index.php?rest_route=%2Fwp%2Fv2%2Fmedia&parent=11582"}],"wp:term":[{"taxonomy":"category","embeddable":true,"href":"http:\/\/marburg.news\/index.php?rest_route=%2Fwp%2Fv2%2Fcategories&post=11582"},{"taxonomy":"post_tag","embeddable":true,"href":"http:\/\/marburg.news\/index.php?rest_route=%2Fwp%2Fv2%2Ftags&post=11582"}],"curies":[{"name":"wp","href":"https:\/\/api.w.org\/{rel}","templated":true}]}}