{"id":11483,"date":"2022-12-18T15:31:23","date_gmt":"2022-12-18T14:31:23","guid":{"rendered":"http:\/\/marburg.news\/?p=11483"},"modified":"2022-12-18T15:31:23","modified_gmt":"2022-12-18T14:31:23","slug":"spiegelslustturm-inklusives-cafe-im-kaiser-wilhelm-turm","status":"publish","type":"post","link":"http:\/\/marburg.news\/?p=11483","title":{"rendered":"Spiegelslustturm: Inklusives Caf\u00e9 im Kaiser-Wilhelm-Turm"},"content":{"rendered":"<p>Eine feste Institution in Marburg ist das Turmcaf\u00e9 im Spiegelslustturm. Auf den Lahnbergen leuchtete lange Zeit das himbeerrote Herz am Kaiser-Wilhelm-Turm. <!--more--><br \/>\nViele Erinnerungen verbinde ich mit dem Turm und vor Allem dem dortigen Caf\u00e9. Das reicht von Besuchen bei Veranstaltungen dort oder dem Einkehren bei Wanderungen bis hin zu Geburtstags- oder Hochzeitsfeiern sowie der Verleihung des <a href=\"http:\/\/marnews.de\/11548\">Marburger Leuchtfeuers 2016 an Lutz G\u00f6tzfried<\/a>. Jahrelang waren er und seine Ehefrau Karin die guten Seelen des Turmcaf\u00e9s und seines Tr\u00e4gervereins.<br \/>\n1993 hatten beide den Verein &#8222;MObiLO&#8220; als Arbeitgeber f\u00fcr Menschen mit psychischen beeintr\u00e4chtigungen gegr\u00fcndet. 2005 \u00fcbernahm er die Bewirtschaftung des Kaiser-Wilhelm-Turms. Das Ehepaar G\u00f6tzfried organisierte die Vereinsarbeit ebenso wie den Betrieb des Turmcaf\u00e9s als Ausflugsziel, Veranstaltungsort und gem\u00fctlicher Ort zum Entspannen.<br \/>\nErbaut worden war der <a href=\"http:\/\/marburgviews.de\/17\">Kaiser-Wilhelm-Turm<\/a> zwischen 1874 und 1890 als Aussichtspunkt ebenso wie als nationalistisches Kriegerdenkmal. 1876 fiel die Konstruktion des Architekten Karl Sch\u00e4fer bei einem Sturm in sich zusammen und wurde erst zwischen 1887 und 1890 von Manfred Wentzel fertiggestellt. Das Bauwerk aus Bruchsteinen ist 32 Meter hoch und steht auf den Lahnbergen oberhalb des Ortenbergs hoch \u00fcber dem Hauptbahnhof.<br \/>\nSeinen Namen erhielt der Turm von dem ehemaligen Marburger Studenten WERNER FREIHERR VON SPIEGEL ZUM DESENBERG. In der N\u00e4he des Turms hatte er 1829 einen Pavillon errichten lassen, der dem Gel\u00e4nde bald den Namen &#8222;Spiegelslust&#8220; gab. In der N\u00e4he suchte er 1872 auch den Standort f\u00fcr den Turm aus.<br \/>\nDas Turmcaf\u00e9 ist \u00fcber eine Au\u00dfentreppe erreichbar. Im Inneren sorgt ein alter Kanonenofen im Herbst und Winter f\u00fcr wohlige W\u00e4rme. Rechts vom Eingan befindet sich der Gastraum mit h\u00f6lzernen Tischen und B\u00e4nken.<br \/>\nOben im Turm gibt es auch noch eine kleine &#8222;Turmstube&#8220;, die \u00fcber eine lange Au\u00dfentreppe erreichbar ist. Dort finden gelegentlich kleine intime Veranstaltungen statt, w\u00e4hrend unten im Caf\u00e9 egelm\u00e4\u00dfig Konzerte und Lesungen ausgerichtet werden. Insofern ist das Turmcaf\u00e9 auch ein famili\u00e4res Kulturzentrum mit abwechslungsreichem Programm.<br \/>\nDreimal hat mein Freund Dr. Eckart Fuchs vom dreik\u00f6pfigen Team des Podcasts <a href=\"http:\/\/lagebesprech.de\">Lagebesprech<\/a> dort im F\u00fcnf-Jahres-Abstand runde Geburtstage gefeiert, bei denen ich jedesmal zugegen war. B\u00fcrgermeister Dr. Franz Kahle hat seinen <a href=\"http:\/\/marnews.de\/861\">Polterabend am 26. Juni 2008<\/a> vor seiner Hochzeit mit Nadine Bernshausen in einem Zelt auf der Freifl\u00e4che vor dem Turm gefeiert. Mit meiner &#8211; im September 2010 verstorbenen &#8211; <a href=\"http:\/\/erdmuthe-sturz.marburginfos.de\">Ehefrau Erdmuthe Sturz<\/a> habe ich h\u00e4ufig bei sch\u00f6nem Wetter drau\u00dfen vor dem Turm gesessen und den Ausblick mit Kaffee und Kuchen genossen.<br \/>\nAn Liederabende mit &#8222;Schlagern&#8220; der 20er und 30er Jahre des vorigen Jahrhunderts erinnere ich mich ebenso wie an Auftritte von Lutz G\u00f6tzfried zusammen mit Jochen Sch\u00e4fer. Rezitationen von Gedichten habe ich im Turmcaf\u00e9 erlebt und danach den 20 min\u00fctigen Fu\u00dfweg durch den Wald zur Bushaltestelle beim Universit\u00e4tsklinikum Lahnberge. Bei Wind und Wetter habe ich ihn mitunter zur\u00fcckgelegt in nahezu v\u00f6lliger Dunkelheit.<br \/>\nDer m\u00fchsame Aufstieg durch den Wald wie auch der anschlie\u00dfende Abstieg geh\u00f6rt ebenso zum Turm-Erlebnis wie die Menschen, die dort trotz ihrer Beeintr\u00e4chtigung einen passenden Arbeitsplatz finden. Die gem\u00fctliche Atmosph\u00e4re und das <a href=\"http:\/\/marburg.news\/?p=7203\">Herz, das oben angebracht<\/a> wurde und das man mit einem Anruf bei einer kostenpflichtigen Telefonnummer zum Leuchten bringen konnte, machen den Spiegelslustturm zu einem einmaligen Juwel der Marburger Kultur. L\u00e4ngst geh\u00f6rt auch das Turmcaf\u00e9 zu den <a href=\"http:\/\/lokale.marburgviews.de\">legend\u00e4ren Lokalen in Marburg<\/a>.<\/p>\n<p>* Franz-Josef Hanke<\/p>\n","protected":false},"excerpt":{"rendered":"<p>Eine feste Institution in Marburg ist das Turmcaf\u00e9 im Spiegelslustturm. Auf den Lahnbergen leuchtete lange Zeit das himbeerrote Herz am Kaiser-Wilhelm-Turm.<\/p>\n","protected":false},"author":2,"featured_media":0,"comment_status":"closed","ping_status":"open","sticky":false,"template":"","format":"standard","meta":{"advanced_seo_description":"","spay_email":"","jetpack_publicize_message":"","jetpack_is_tweetstorm":false,"jetpack_publicize_feature_enabled":true},"categories":[3,4],"tags":[495,4642,2798],"jetpack_featured_media_url":"","jetpack_publicize_connections":[],"jetpack_sharing_enabled":true,"jetpack_shortlink":"https:\/\/wp.me\/p8mhvd-2Zd","jetpack-related-posts":[{"id":5975,"url":"http:\/\/marburg.news\/?p=5975","url_meta":{"origin":11483,"position":0},"title":"Terrasse von Turm: N\u00e4chtlicher Vandalismus am Spiegelslustturm","date":"9. November 2020","format":false,"excerpt":"N\u00e4chtlicher Vandalismus an Wochenenden bereitet dem Verein MObiLO Probleme. Fast alle Planen seines TurmPavillons wurden mit gro\u00dfer zerst\u00f6rerischer Energie zerschnitten. \"wir haben seit der Nacht vom 31.10. auf den 1.11. und erneut vom 7.11. auf den 8.11. ein gro\u00dfes Vandalismusproblem\", berichtete die Vereinsvorsitzende Karin G\u00f6tzfried. \"Durch die Wiederholung an zwei\u2026","rel":"","context":"In &quot;Kultur&quot;","img":{"alt_text":"","src":"","width":0,"height":0},"classes":[]},{"id":9084,"url":"http:\/\/marburg.news\/?p=9084","url_meta":{"origin":11483,"position":1},"title":"Ort der Entspannung: Goldene Ehrennadel f\u00fcr Carin und Lutz G\u00f6tzfried","date":"25. M\u00e4rz 2022","format":false,"excerpt":"Die Goldene Ehrennadel der Stadt Marburg haben Carin und Lutz G\u00f6tzfried erhalten. Sie w\u00fcrdigt ehrenamtliches Engagement f\u00fcr die Stadt. Das Ehepaar G\u00f6tzfried beweist seit einer langen Zeit ein bemerkenswertes Engagement f\u00fcr Menschen mit psychischen Erkrankungen. Um diesen Einsatz zu w\u00fcrdigen, hat Oberb\u00fcrgermeister Dr. Thomas Spies Carin und Lutz G\u00f6tzfried mit\u2026","rel":"","context":"In &quot;Soziales&quot;","img":{"alt_text":"","src":"","width":0,"height":0},"classes":[]},{"id":6004,"url":"http:\/\/marburg.news\/?p=6004","url_meta":{"origin":11483,"position":2},"title":"Marburger Wahrzeichen#: G\u00f6tzfried hofft auf ein Herz f\u00fcr den Spiegelslustturm","date":"13. November 2020","format":false,"excerpt":"In zwei kurz aufeinanderfolgenden N\u00e4chten wurden dem Verein MObiLO fast alle Planen seines TurmPavillons kaputt geschnitten. Das Team muss Sicherheitsma\u00dfnahmen treffen, um weitere Zerst\u00f6rungen abzuwenden. \"\"Da wir von beh\u00f6rdlicher Seite - Ordnungsamt und Polizei - auf keine Unterst\u00fctzung wie zum Beispiel \u00f6rtliche Kontrollen oder Auswertung von vorhandenem Material mit Fingerabdr\u00fccken\u2026","rel":"","context":"In &quot;Kultur&quot;","img":{"alt_text":"","src":"","width":0,"height":0},"classes":[]},{"id":18048,"url":"http:\/\/marburg.news\/?p=18048","url_meta":{"origin":11483,"position":3},"title":"Zu Kuchen: Geschichte und Kultur im Kaiser-Wilhelm-Turm","date":"22. Mai 2025","format":false,"excerpt":"\"Kaffee-Kuchen + Kultur\" gibt es am Mittwoch (4. Juni) von 15 bis 17 Uhr im Kaiser-Wilhelm-Turm. Geschichte und Geschichten stehen dabei im Mittelpunkt. \"Kaffee-Kuchen & Kultur\" bietet das Turmcaf\u00e9 Ihnen einen ebenso unterhaltsamen wie am\u00fcsanten Nachmittag mit selbst Gebr\u00fchtem-Ger\u00fchrtem & Kreiertem. Themenschwerpunkte werden die Geschichte des Kaiser-Wilhelm-Turms in einem Lichtbildvortrag\u2026","rel":"","context":"In &quot;Kultur&quot;","img":{"alt_text":"","src":"","width":0,"height":0},"classes":[]},{"id":17810,"url":"http:\/\/marburg.news\/?p=17810","url_meta":{"origin":11483,"position":4},"title":"Zum Fr\u00fchlingsauftakt: 20 Jahre 1. Mai am Turm","date":"7. April 2025","format":false,"excerpt":"\"20 Jahre 1. Mai am Turm\" feiert der Marburger Verein \"MObiLO\" mit \"Quatsch\". Die Maifeier im Kaiser-Wilhelm-Turm findet am Donnerstag (1. Mai) ab 11.30 Uhr statt. Seit 20 Jahren - also seit 2005 - organisiert der gemeinn\u00fctzige Verein \"MObiLO\" immer am 1. Mai ein kleines Volksfest am Turm nach alter\u2026","rel":"","context":"In &quot;Kultur&quot;","img":{"alt_text":"","src":"","width":0,"height":0},"classes":[]},{"id":7203,"url":"http:\/\/marburg.news\/?p=7203","url_meta":{"origin":11483,"position":5},"title":"Herzlos: Kunstwerk am Spiegelslustturm bleibt vorerst dunkel","date":"14. Juni 2021","format":false,"excerpt":"Das Marburger Lichtkunstherz bleibt vorerst dunkel. Noch ist nicht klar, wann das Herz am Spiegelslustturm wieder erstrahlen wird. Das Lichtkunstherz am Kaiser-Wilhelm-Turm bleibt vorerst dunkel. Das Herz-Kunstwerk, das sonst den Marburger Nachthimmel erleuchtet, ist defekt. Die Ursache f\u00fcr den Ausfall ist noch unklar. Eine Elektrofirma hat bereits vergeblich versucht, das\u2026","rel":"","context":"In &quot;Kultur&quot;","img":{"alt_text":"","src":"","width":0,"height":0},"classes":[]}],"_links":{"self":[{"href":"http:\/\/marburg.news\/index.php?rest_route=\/wp\/v2\/posts\/11483"}],"collection":[{"href":"http:\/\/marburg.news\/index.php?rest_route=\/wp\/v2\/posts"}],"about":[{"href":"http:\/\/marburg.news\/index.php?rest_route=\/wp\/v2\/types\/post"}],"author":[{"embeddable":true,"href":"http:\/\/marburg.news\/index.php?rest_route=\/wp\/v2\/users\/2"}],"replies":[{"embeddable":true,"href":"http:\/\/marburg.news\/index.php?rest_route=%2Fwp%2Fv2%2Fcomments&post=11483"}],"version-history":[{"count":1,"href":"http:\/\/marburg.news\/index.php?rest_route=\/wp\/v2\/posts\/11483\/revisions"}],"predecessor-version":[{"id":11494,"href":"http:\/\/marburg.news\/index.php?rest_route=\/wp\/v2\/posts\/11483\/revisions\/11494"}],"wp:attachment":[{"href":"http:\/\/marburg.news\/index.php?rest_route=%2Fwp%2Fv2%2Fmedia&parent=11483"}],"wp:term":[{"taxonomy":"category","embeddable":true,"href":"http:\/\/marburg.news\/index.php?rest_route=%2Fwp%2Fv2%2Fcategories&post=11483"},{"taxonomy":"post_tag","embeddable":true,"href":"http:\/\/marburg.news\/index.php?rest_route=%2Fwp%2Fv2%2Ftags&post=11483"}],"curies":[{"name":"wp","href":"https:\/\/api.w.org\/{rel}","templated":true}]}}