{"id":11281,"date":"2022-11-24T11:55:48","date_gmt":"2022-11-24T10:55:48","guid":{"rendered":"http:\/\/marburg.news\/?p=11281"},"modified":"2022-11-24T11:55:48","modified_gmt":"2022-11-24T10:55:48","slug":"nicht-herzlos-aufwaermen-in-der-guten-stube-im-philippshaus","status":"publish","type":"post","link":"http:\/\/marburg.news\/?p=11281","title":{"rendered":"Nicht herzlos: Aufw\u00e4rmen in der &#8222;Guten Stube&#8220; im Philippshaus"},"content":{"rendered":"<p>Die &#8222;Gute Stube&#8220; \u00f6ffnet Anfang Dezember ihre T\u00fcren. Kirchengemeinden schaffen damit einen Anlaufpunkt im Philippshaus. <!--more--><br \/>\nAb Donnerstag (1. Dezember) werden sich die T\u00fcren des Philippshauses jeden Wochentag von 11 bis 15 Uhr \u00f6ffnen. Die Organisator*innen leiden ein zum Verweilen in der &#8222;Guten Stube&#8220; &#8211; zum Aufw\u00e4rmen, zum Reden und f\u00fcr kostenlose warme Mahlzeiten und Getr\u00e4nke. Es soll ein Ort sein, um sich aufzuw\u00e4rmen, ein Ort, um satt zu werden, ein Ort, um Gemeinschaft zu erfahren.<br \/>\nAll das verbinden viele mit dem Begriff einer &#8222;guten Stube&#8220;. Genau diesen Namen haben Marburger Kirchengemeinden ihrem \u00f6kumenischen Projekt einer W\u00e4rmestube gegeben, das p\u00fcnktlich zum Advent am 1. Dezember starten soll. An jedem Wochentag zwischen 11 und 15 Uhr wird die &#8222;Gute Stube&#8220; im Philippshaus ihre T\u00fcren \u00f6ffnen.<br \/>\n&#8222;Wir wollen einen sch\u00f6nen, warmen Ort mitten in der Stadt anbieten&#8220;, erkl\u00e4rte Marieke Kr\u00e4ling von der Katholischen Citypastoral, die die Idee mit entwickelt hat. &#8222;Jeder und jede soll sich willkommen f\u00fchlen, egal wie viel Geld man in diesen Wintermonaten zur Verf\u00fcgung hat.&#8220; Dass der warme Ort zentral in Marburg gelegen ist und eine Bushaltestelle vor der T\u00fcr hat, war den Initiatorinnen und Initiatoren wichtig.<br \/>\n&#8222;In Zeiten, in denen es f\u00fcr viele Menschen immer schwieriger wird, ihr Essen und ihre Heizung zu bezahlen, wollen wir unkompliziert Hilfe anbieten&#8220;, erl\u00e4uterte Pfarrer Ulrich Biskamp von der Lutherischen Pfarrkirche. Alle sind willkommen, egal, ob sie sich nur kurz aufw\u00e4rmen, etwas essen oder mit anderen ins Gespr\u00e4ch kommen m\u00f6chten &#8211; auf dem Heimweg von der Schule oder der Vorlesung, w\u00e4hrend der Mittagspause oder weil sie einfach in der Stadt unterwegs sind.<br \/>\nMehrere katholische und evangelische Kirchengemeinden sowie diakonische Einrichtungen und Vereine sind an dem Projekt beteiligt. An jedem Wochentag begr\u00fc\u00dft ein ehrenamtliches &#8222;Gute Stube&#8220;-Team die G\u00e4ste und stellt ein warmes Essen und Getr\u00e4nke kostenfrei bereit. Die &#8222;Gute Stube&#8220; im Philippshaus an der Universit\u00e4tsstra\u00dfe \u00f6ffnet ab Donnerstag (1. Dezember) jeweils montags bis freitags von 11 Uhr bis 15 Uhr. Geplant ist das Projekt bis einschlie\u00dflich Dienstag (28. Februar).<br \/>\nDas Projektteam sucht f\u00fcr Januar und Februar 2023 noch Ehrenamtliche, die Lust haben, Gastgebende in der &#8222;Guten Stube&#8220; zu sein. Von 10.30 bis 13 Uhr und von 13 Uhr bis 15.30 Uhr ist jeweils ein vierk\u00f6pfiges Team im Einsatz. Die Aufgabe der Ehrenamtlichen ist, warme Mahlzeiten anzubieten, Kaffee und Tee zuzubereiten sowie die R\u00e4umlichkeiten herzurichten.<\/p>\n<p>* pm: Evangelischer Kirchenkreis Marburg<\/p>\n","protected":false},"excerpt":{"rendered":"<p>Die &#8222;Gute Stube&#8220; \u00f6ffnet Anfang Dezember ihre T\u00fcren. Kirchengemeinden schaffen damit einen Anlaufpunkt im Philippshaus.<\/p>\n","protected":false},"author":2,"featured_media":0,"comment_status":"closed","ping_status":"open","sticky":false,"template":"","format":"standard","meta":{"advanced_seo_description":"","spay_email":"","jetpack_publicize_message":"","jetpack_is_tweetstorm":false,"jetpack_publicize_feature_enabled":true},"categories":[4],"tags":[4582,4583,3640],"jetpack_featured_media_url":"","jetpack_publicize_connections":[],"jetpack_sharing_enabled":true,"jetpack_shortlink":"https:\/\/wp.me\/p8mhvd-2VX","jetpack-related-posts":[{"id":17014,"url":"http:\/\/marburg.news\/?p=17014","url_meta":{"origin":11281,"position":0},"title":"Angew\u00e4rmt: Gute Stube im Philippshaus \u00f6ffnet wieder","date":"29. November 2024","format":false,"excerpt":"Die \"Gute Stube\" \u00f6ffnet am Montag (2. Dezember) erneut ihre T\u00fcren. Dabei handelt es sich um eine W\u00e4rmestube f\u00fcr alle mitten in der Stadt. Unter dem Motto \"Aufw\u00e4rmen \u2013 Auftischen \u2013 Austauschen\" steht auch in diesem Winter wieder das Projekt \"Gute Stube\". Die Stube befindet sich im Philippshaus an der\u2026","rel":"","context":"In &quot;Soziales&quot;","img":{"alt_text":"","src":"","width":0,"height":0},"classes":[]},{"id":16843,"url":"http:\/\/marburg.news\/?p=16843","url_meta":{"origin":11281,"position":1},"title":"Drei Jahre: Gute Stube im Philippshaus sucht Freiwillige","date":"6. November 2024","format":false,"excerpt":"Die \"Gute Stube\" im Philippshaus wird am Montag (2. Dezember) wiederer\u00f6ffnet. Daf\u00fcr werden noch Ehrenamtliche gesucht. Das Angebot einer W\u00e4rmestube im Philippshaus geht in die dritte Runde: Nach ganz viel positiver Resonanz in den zwei vergangenen Jahren hei\u00dft es ab dem 2. Dezember 2024 im Philippshaus wieder \"Aufw\u00e4rmen - Auftischen\u2026","rel":"","context":"In &quot;Soziales&quot;","img":{"alt_text":"","src":"","width":0,"height":0},"classes":[]},{"id":12012,"url":"http:\/\/marburg.news\/?p=12012","url_meta":{"origin":11281,"position":2},"title":"Wohlf\u00fchlen im Warmen: Wie Menschlichkeit in schwierigen Zeiten gelingt","date":"24. Februar 2023","format":false,"excerpt":"das \u00f6kumenische Projekt der \"Guten Stube\" hat ein gro\u00dfes Echo gefunden. Nach drei Monaten schlie\u00dft die \"Gute Stube\" wieder. Menschen f\u00fcr ein paar Stunden in die sprichw\u00f6rtliche \"gute Stube\" einzladen, war die Idee hinter dem gleichnamigen Projekt, das evangelische und katholische Kirchengemeinden in Marburg am 1. Dezember 2022 gestartet haben.\u2026","rel":"","context":"In &quot;Soziales&quot;","img":{"alt_text":"","src":"","width":0,"height":0},"classes":[]},{"id":11359,"url":"http:\/\/marburg.news\/?p=11359","url_meta":{"origin":11281,"position":3},"title":"Neue Aktion: Nikolaus kommt in die gute Stube","date":"3. Dezember 2022","format":false,"excerpt":"Der Nikolaus kommt in die \"Gute Stube\". Die Aktion wird vom Bonifatiuswerk als \"\"at.Ort.Nikolaus\" gef\u00f6rdert. P\u00fcnktlich zum Advent hatte die \"Gute Stube\" im Philippshaus am Donnerstag (1. Dezember) ge\u00f6ffnet. Das \u00f6kumenische Projekt von evangelischen und katholischen Kirchengemeinden bietet von Montag bis Freitag \"W\u00e4rme f\u00fcr Leib und Seele\", mit einem beheizten\u2026","rel":"","context":"In &quot;Soziales&quot;","img":{"alt_text":"","src":"","width":0,"height":0},"classes":[]},{"id":19030,"url":"http:\/\/marburg.news\/?p=19030","url_meta":{"origin":11281,"position":4},"title":"Armut im Blick: Gastgeber f\u00fcr Gute Stube gesucht","date":"13. November 2025","format":false,"excerpt":"Das Angebot einer W\u00e4rmestube im Philippshaus geht in die vierte Runde. F\u00fcr die \"Gute Stube\" werden noch Engagierte gesucht. Was Ende 2022 als kleines \u00f6kumenisches Projekt begann, geht in diesem Jahr in die vierte Runde: Die \"Gute Stube\" \u00f6ffnet wieder im Marburger Philippshaus. Auch in diesem Winter sollen Menschen wieder\u2026","rel":"","context":"In &quot;Soziales&quot;","img":{"alt_text":"","src":"","width":0,"height":0},"classes":[]},{"id":11462,"url":"http:\/\/marburg.news\/?p=11462","url_meta":{"origin":11281,"position":5},"title":"Selbst gew\u00e4rmt: Mehr als 5 Millionen f\u00fcr Evangelische Kirche","date":"14. Dezember 2022","format":false,"excerpt":"Mehr als 5 Millionen Euro f\u00fcr diakonische Angebote hat die Evangelische Kirche in Hessen angek\u00fcndigt. Auch lokale Akteure freuen sich \u00fcber dieses Geld aus der Kirchensteuer. Der Millionenbetrag soll diakonische Angebote st\u00e4rken. Diese Nachricht kam am Montag (12. Dezember) von der Evangelischen Kirche in Hessen und Nassau (EKHN), der Evangelischen\u2026","rel":"","context":"In &quot;Soziales&quot;","img":{"alt_text":"","src":"","width":0,"height":0},"classes":[]}],"_links":{"self":[{"href":"http:\/\/marburg.news\/index.php?rest_route=\/wp\/v2\/posts\/11281"}],"collection":[{"href":"http:\/\/marburg.news\/index.php?rest_route=\/wp\/v2\/posts"}],"about":[{"href":"http:\/\/marburg.news\/index.php?rest_route=\/wp\/v2\/types\/post"}],"author":[{"embeddable":true,"href":"http:\/\/marburg.news\/index.php?rest_route=\/wp\/v2\/users\/2"}],"replies":[{"embeddable":true,"href":"http:\/\/marburg.news\/index.php?rest_route=%2Fwp%2Fv2%2Fcomments&post=11281"}],"version-history":[{"count":0,"href":"http:\/\/marburg.news\/index.php?rest_route=\/wp\/v2\/posts\/11281\/revisions"}],"wp:attachment":[{"href":"http:\/\/marburg.news\/index.php?rest_route=%2Fwp%2Fv2%2Fmedia&parent=11281"}],"wp:term":[{"taxonomy":"category","embeddable":true,"href":"http:\/\/marburg.news\/index.php?rest_route=%2Fwp%2Fv2%2Fcategories&post=11281"},{"taxonomy":"post_tag","embeddable":true,"href":"http:\/\/marburg.news\/index.php?rest_route=%2Fwp%2Fv2%2Ftags&post=11281"}],"curies":[{"name":"wp","href":"https:\/\/api.w.org\/{rel}","templated":true}]}}