{"id":11192,"date":"2022-11-11T19:50:00","date_gmt":"2022-11-11T18:50:00","guid":{"rendered":"http:\/\/marburg.news\/?p=11192"},"modified":"2022-11-11T19:50:00","modified_gmt":"2022-11-11T18:50:00","slug":"bildungsbauprogramm-neubau-der-grundschule-marbach-eroeffnet","status":"publish","type":"post","link":"http:\/\/marburg.news\/?p=11192","title":{"rendered":"Bildungsbauprogramm: Neubau der Grundschule Marbach er\u00f6ffnet"},"content":{"rendered":"<p>Der Neubau der Grundschule Marbach wurde offiziell er\u00f6ffnet. Holz-Waben dienen dort nun als R\u00fcckzugsr\u00e4ume. <!--more--><br \/>\nIm Rahmen des ersten Bildungsbauprogramms (BiBaP I) der Stadt Marburg sind der Neubau der Cafeteria und die Erweiterung des Schulgeb\u00e4udes der Grundschule Marbach fertig gestellt worden. Dbei wurden sie den Bed\u00fcrfnissen des Ganztags angepasst. Oberb\u00fcrgermeister Dr. Thomas Spies, Stadtr\u00e4tin Kirsten Dinnebier sowie Stadtrat Dr. Michael Kopatz haben das neue Geb\u00e4ude am Mittwoch (9. November) offiziell er\u00f6ffnet.<br \/>\n&#8222;Es war eines der gr\u00f6\u00dferen Projekte aus dem ersten Bildungsbauprogramm: der Neubau der Grundschule Marbach&#8220;, sagte Oberb\u00fcrgermeister Spies bei der Einweihung des Erweiterungsbaus. &#8222;Wir freuen uns, dass das Projekt nun erfolgreich zum Abschluss gebracht werden konnte, sodass die Sch\u00fcler*innen hier mehr Platz finden.&#8220;<br \/>\nSchuldezernentin Dinnebier f\u00fcgte hinzu: &#8222;Hier ist ein Lernort entstanden, der sowohl f\u00fcr den Schulunterricht, als auch im Ganztag von allen Sch\u00fcler*innen f\u00fcr AGs und Nachmittagsbetreuung genutzt werden kann und in dem es m\u00f6glich ist, Kinder noch individueller zu f\u00f6rdern.&#8220; Baudezernent Kopatz erkl\u00e4rte, dass die Stadt Wert auf die Energieeffizienz des Geb\u00e4udes gelegt habe und es mit einer Heizungsanlage mit Erdw\u00e4rme versorge.<br \/>\nDas Ziel der Bauma\u00dfnahme war, zus\u00e4tzliche Unterrichtsr\u00e4ume zu schaffen und einen Bereich f\u00fcr die Cafeteria zu bauen. Grund f\u00fcr den Bedarf waren die steigende Zahl der Sch\u00fclerinnen und Sch\u00fcler sowie die Entwicklung zum Ganztag und die damit verbundenen l\u00e4ngeren Aufenthaltszeiten.<br \/>\nIm Fr\u00fchjahr 2020 hatten die Arbeiten am Rohbau begonnen, zu Beginn 2021 startete der Innenausbau.<br \/>\nDas Geb\u00e4ude hat die Form eines Quaders und zwei Geschosse. Im Obergeschoss sind zwei Klassenr\u00e4ume, ein Raum mit Bewegungs- und R\u00fcckzugsm\u00f6glichkeiten und ein offener Bereich untergebracht. Im Erdgeschoss sind zwei Geb\u00e4udefronten vollst\u00e4ndig mit gro\u00dfen Fenstern gestaltet.<br \/>\nDort sind Speisesaal und Foyer untergebracht. Eine K\u00fcche, in der vorgefertigte Speisen erw\u00e4rmt werden k\u00f6nnen, ein Lager, K\u00fchlr\u00e4ume und Sanit\u00e4rr\u00e4ume sowie Technik finden dort ebenfalls Platz. Die R\u00e4ume sind mit Sichtbeton, L\u00e4rchenholz und Linoleumboden in hellem Gr\u00fcn gestaltet.<br \/>\nEin Highlight ist auch die Ausstattung mit sogenannten &#8222;Lernwaben&#8220;. In vertikal angeordneten wabenf\u00f6rmigen Einheiten aus Holz k\u00f6nnen sich die Grundsch\u00fclerinnen und Sch\u00fcler zur\u00fcckziehen.<br \/>\n&#8222;Eine rollstuhlfahrergerechte Rampe wird dazu dienen, den H\u00f6henunterschied zwischen Stra\u00dfe und Erdgeschoss zu \u00fcberwinden und so f\u00fcr Barrierefreiheit sorgen&#8220;, erl\u00e4uterte Dinnebier weiter. Auch einen Aufzug und ein barrierefreies WC gibt es im Haus.<br \/>\nDer Erweiterungsbau ist nach einem hohen energetischen Standard gebaut und verbraucht verh\u00e4ltnism\u00e4\u00dfig sehr wenig Energie: Der Bedarf liegt 45 Prozent unter den gesetzlichen Mindestanforderungen f\u00fcr Neubauten gem\u00e4\u00df dem &#8222;KfW-55-Standard&#8220;.<br \/>\nDas Geb\u00e4ude verf\u00fcgt \u00fcber eine Heizungsanlage mit Erdw\u00e4rmenutzung. Das Flachdach ist begr\u00fcnt und mit einer Photovoltaik-Anlage ausgestattet.<br \/>\n&#8222;Die gesamte Ma\u00dfnahme hat 4,4 Millionen Euro gekostet&#8220;, berichtete Spies. Einen Zuschuss von knapp 1,5 Millionen Euro hat die Stadt daf\u00fcr aus dem Kommunalinvestitionsprogramm &#8222;KIP II&#8220; des Landes Hessen erhalten.<\/p>\n<p>* pm: Stadt Marburg<\/p>\n","protected":false},"excerpt":{"rendered":"<p>Der Neubau der Grundschule Marbach wurde offiziell er\u00f6ffnet. Holz-Waben dienen dort nun als R\u00fcckzugsr\u00e4ume.<\/p>\n","protected":false},"author":2,"featured_media":0,"comment_status":"closed","ping_status":"open","sticky":false,"template":"","format":"standard","meta":{"advanced_seo_description":"","spay_email":"","jetpack_publicize_message":"","jetpack_is_tweetstorm":false,"jetpack_publicize_feature_enabled":true},"categories":[5,2],"tags":[1334,98,2186],"jetpack_featured_media_url":"","jetpack_publicize_connections":[],"jetpack_sharing_enabled":true,"jetpack_shortlink":"https:\/\/wp.me\/p8mhvd-2Uw","jetpack-related-posts":[{"id":7834,"url":"http:\/\/marburg.news\/?p=7834","url_meta":{"origin":11192,"position":0},"title":"Erste Erkundungen: Neue Turnhalle Am Schwanhof er\u00f6ffnet","date":"27. September 2021","format":false,"excerpt":"Eine neue Turnhalle bietet mehr Platz f\u00fcr Sport, P\u00e4dagogik und Bewegung am Schwanhof. Das BiBaP-Projekt wurde jetzt er\u00f6ffnet. Die Turnhalle der Schule am Schwanhof ist fertig. Rund 3,65 Millionen Euro hat die Stadt Marburg in den Neubau investiert. Nun k\u00f6nnen Sch\u00fcler*innen, Volkshochschule und Vereine die Halle nutzen f\u00fcr Schulsport, Tischtennis\u2026","rel":"","context":"In &quot;Sport&quot;","img":{"alt_text":"","src":"","width":0,"height":0},"classes":[]},{"id":10726,"url":"http:\/\/marburg.news\/?p=10726","url_meta":{"origin":11192,"position":1},"title":"Geld f\u00fcr Grundschulen: 30 Millionen Euro mit BiBaP II","date":"27. September 2022","format":false,"excerpt":"Die Stadt steckt 30 Millionen Euro in die Grundschulen. Diese Investitionen sind Teil von \"BiBaP II\" mit Rekordinvestitionen in die Schullandschaft. Das BildungsBauProgramm (BiBaP) geht in die zweite Runde: Mit BiBaP II wird die Stadt Marburg die Rekordsumme von mehr als 68 Millionen Euro in 26 verschiedene Bauma\u00dfnahmen an Marburgs\u2026","rel":"","context":"In &quot;Bildung&quot;","img":{"alt_text":"","src":"","width":0,"height":0},"classes":[]},{"id":16068,"url":"http:\/\/marburg.news\/?p=16068","url_meta":{"origin":11192,"position":2},"title":"Mehr mit Marbach: Vierte Station der Sommertour des Oberb\u00fcrgermeisters","date":"30. Juli 2024","format":false,"excerpt":"Die Sommertour des Oberb\u00fcrgermeisters hat am Dienstag (23. Juli) Halt gemacht in Marbach. Auch dort gab es einen Spaziergang und eine B\u00fcrgersprechstunde. Die vierte Station der Sommertour von Oberb\u00fcrgermeister Dr. Thomas Spies f\u00fchrte ihn in den Stadtteil Marbach. Auf einem Spaziergang durch den Stadtteil und bei einer anschlie\u00dfenden Sprechstunde kam\u2026","rel":"","context":"In &quot;Politik&quot;","img":{"alt_text":"","src":"","width":0,"height":0},"classes":[]},{"id":15157,"url":"http:\/\/marburg.news\/?p=15157","url_meta":{"origin":11192,"position":3},"title":"F\u00fcr Fu\u00dfverkehr: Ausbau des Gehwegs der Haselhecke","date":"8. M\u00e4rz 2024","format":false,"excerpt":"Eine weitere Stra\u00dfensperrung findet vom 13. M\u00e4rz bis zum 5. April in Marbach statt. Sie betrifft den Ausbau des Gehwegs in der \"Haselhecke\". Der Gehweg der Stra\u00dfe \"Haselhecke\" wird ausgebaut. Aus diesem Grund ist die Stra\u00dfe in H\u00f6he der Grundschule Marbach ab Mittwoch (13. M\u00e4rz) bis voraussichtlich Freitag (5. April)\u2026","rel":"","context":"In &quot;Soziales&quot;","img":{"alt_text":"","src":"","width":0,"height":0},"classes":[]},{"id":12971,"url":"http:\/\/marburg.news\/?p=12971","url_meta":{"origin":11192,"position":4},"title":"Arbeiten geplant: Zwei Stra\u00dfen in Marbach gesperrt","date":"21. Juni 2023","format":false,"excerpt":"Die Vollsperrung der Stra\u00dfen Am M\u00fchlteich und Haselhecke in Marbach hat die Stadt am Mittwoch (21. Juni) angek\u00fcndigt. Gesperrt sind sie ab Montag (26. Juni). Aufgrund von Asphaltarbeiten sind ab Montag (26. Juni) bis voraussichtlich Freitag (5. Juli) zwei Stra\u00dfen im Stadtteil Marbach vollgesperrt. Trotz der Arbeiten in der Sackgasse\u2026","rel":"","context":"In &quot;Soziales&quot;","img":{"alt_text":"","src":"","width":0,"height":0},"classes":[]},{"id":15905,"url":"http:\/\/marburg.news\/?p=15905","url_meta":{"origin":11192,"position":5},"title":"Zukunftsvision: Besichtigungen beim Tag der Architektur","date":"1. Juli 2024","format":false,"excerpt":"Einen Blick hinter die Kulissen konnten Interessierte beim \"Tag der Architektur\" am Samstag (29. Juni) werfen. Das Familienzentrum am Stadtwald und die Grundschule Marbach haben dazu ihre T\u00fcren ge\u00f6ffnet. Anl\u00e4sslich des bundesweiten Tags der Architektur hat die Stadt Marburg zwei Bauwerke f\u00fcr Besucherinnen und Besucher ge\u00f6ffnet. So hat das Architekturb\u00fcro\u2026","rel":"","context":"In &quot;Soziales&quot;","img":{"alt_text":"","src":"","width":0,"height":0},"classes":[]}],"_links":{"self":[{"href":"http:\/\/marburg.news\/index.php?rest_route=\/wp\/v2\/posts\/11192"}],"collection":[{"href":"http:\/\/marburg.news\/index.php?rest_route=\/wp\/v2\/posts"}],"about":[{"href":"http:\/\/marburg.news\/index.php?rest_route=\/wp\/v2\/types\/post"}],"author":[{"embeddable":true,"href":"http:\/\/marburg.news\/index.php?rest_route=\/wp\/v2\/users\/2"}],"replies":[{"embeddable":true,"href":"http:\/\/marburg.news\/index.php?rest_route=%2Fwp%2Fv2%2Fcomments&post=11192"}],"version-history":[{"count":0,"href":"http:\/\/marburg.news\/index.php?rest_route=\/wp\/v2\/posts\/11192\/revisions"}],"wp:attachment":[{"href":"http:\/\/marburg.news\/index.php?rest_route=%2Fwp%2Fv2%2Fmedia&parent=11192"}],"wp:term":[{"taxonomy":"category","embeddable":true,"href":"http:\/\/marburg.news\/index.php?rest_route=%2Fwp%2Fv2%2Fcategories&post=11192"},{"taxonomy":"post_tag","embeddable":true,"href":"http:\/\/marburg.news\/index.php?rest_route=%2Fwp%2Fv2%2Ftags&post=11192"}],"curies":[{"name":"wp","href":"https:\/\/api.w.org\/{rel}","templated":true}]}}