{"id":11181,"date":"2022-11-10T14:27:49","date_gmt":"2022-11-10T13:27:49","guid":{"rendered":"http:\/\/marburg.news\/?p=11181"},"modified":"2022-11-10T14:27:49","modified_gmt":"2022-11-10T13:27:49","slug":"besondere-lehre-uni-praesentiert-sich-am-17-november","status":"publish","type":"post","link":"http:\/\/marburg.news\/?p=11181","title":{"rendered":"Besondere Lehre: Uni pr\u00e4sentiert sich am 17. November"},"content":{"rendered":"<p>Der sechste &#8222;Tag der Lehre&#8220; mit dem Thema &#8222;Lehre@Philipp &#8211; innovativ, divers, digital&#8220; findet am Donnerstag (17. November) statt. Dann wird auch ein Lehrpreis verliehen. <!--more--><br \/>\nAuch 2022 gibt es beim &#8222;Tag der Lehre&#8220; der Philipps-Universit\u00e4t vielf\u00e4ltige M\u00f6glichkeiten der Inspiration und des Austauschs f\u00fcr die eigene Lehrpraxis. In verschiedenen Formaten, darunter Impulsvortr\u00e4ge, Workshops, Interviews und Thementische zu bereits ausgezeichneten Lehrprojekten, k\u00f6nnen Lehrende und Lehrinteressierte der Universit\u00e4t neue Methoden kennenlernen und \u00fcber Herausforderungen in der Lehre diskutieren.<br \/>\nMit dem Lehrpreis &#8222;Lehre@Philipp&#8220; w\u00fcrdigt die Philipps-Universit\u00e4t dar\u00fcber hinaus zum sechsten Mal Projekte, die Lehre weiterentwickeln oder ganz neu denken. Die Preisverleihung findet am Donnerstag (17. November) um 18.30 Uhr im Vortragssaal der Universit\u00e4tsbibliothek und digital statt.<br \/>\nIn diesem Jahr werden \u00fcber 40.000 Euro Preisgeld an Projekte vergeben, die eine sichtbare Innovation in die Lehre einbringen oder zur Verbreitung von Konzepten beitragen, die sich bereits in der Erprobung befinden. Weitere Kriterien sind unter anderem die F\u00f6rderung von Motivation und Begeisterung f\u00fcr das Fach, eine gute Verkn\u00fcpfung von Theorie und Praxis und die F\u00f6rderung des Dialogs zwischen Lehrenden und Studierenden.<br \/>\nDie Zugangsdaten zum Livestream finden Interessierte im Vorfeld der Veranstaltung unter <a href=\"https:\/\/www.uni-marburg.de\/de\/universitaet\/lehre\/lehrprofil\/lehrpreis\">www.uni-marburg.de\/de\/universitaet\/lehre\/lehrprofil\/lehrpreis<\/a>. Um die Planung zu erleichtern, bittet die Philipps-Universit\u00e4t um vorherige Anmeldung derjenigen, die in Pr\u00e4senz teilnehmen m\u00f6chten. Sie sollten ihre Anmeldung an die E-Mail-Adresse lehre@uni-marburg.de schicken.<\/p>\n<p>* pm: Philipps-Universit\u00e4t Marburg<\/p>\n","protected":false},"excerpt":{"rendered":"<p>Der sechste &#8222;Tag der Lehre&#8220; mit dem Thema &#8222;Lehre@Philipp &#8211; innovativ, divers, digital&#8220; findet am Donnerstag (17. November) statt. Dann wird auch ein Lehrpreis verliehen.<\/p>\n","protected":false},"author":2,"featured_media":0,"comment_status":"closed","ping_status":"open","sticky":false,"template":"","format":"standard","meta":{"advanced_seo_description":"","spay_email":"","jetpack_publicize_message":"","jetpack_is_tweetstorm":false,"jetpack_publicize_feature_enabled":true},"categories":[5],"tags":[788,4553,4554],"jetpack_featured_media_url":"","jetpack_publicize_connections":[],"jetpack_sharing_enabled":true,"jetpack_shortlink":"https:\/\/wp.me\/p8mhvd-2Ul","jetpack-related-posts":[{"id":16948,"url":"http:\/\/marburg.news\/?p=16948","url_meta":{"origin":11181,"position":0},"title":"Ohne Ber\u00fchrungs\u00e4ngste: Anregungen und Austausch beim Tag der Lehre","date":"22. November 2024","format":false,"excerpt":"Gemeinsam Lehre gestalten wollten die Anwesenden beim Achten \"Tag der Lehre\" der Philipps-Universit\u00e4t am Donnerstag (21. November). Er befasste sich mit dem Thema \"Partizipatives Lehren und Lernen\". Auch in diesem Jahr gab es beim \"Tag der Lehre\" der Philipps-Universit\u00e4t vielf\u00e4ltige M\u00f6glichkeiten der Inspiration und des Austauschs f\u00fcr die eigene Lehrpraxis.\u2026","rel":"","context":"In &quot;Bildung&quot;","img":{"alt_text":"","src":"","width":0,"height":0},"classes":[]},{"id":18998,"url":"http:\/\/marburg.news\/?p=18998","url_meta":{"origin":11181,"position":1},"title":"F\u00fcr Lehre: Uni l\u00e4dt zu kreativem Austausch ein","date":"10. November 2025","format":false,"excerpt":"Die Philipps-Universit\u00e4t feiert am Freitag (14. November) ihren \"Tag der Lehre\". Interessierte k\u00f6nnen dabei innovative Lehrkonzepte kennenlernen und herausragende Projekte feiern. Zum neunten Mal wird an der Philipps-Universit\u00e4t Marburg der \"Tag der Lehre\" gefeiert. Das ist ein wichtiger Termin im Kalender f\u00fcr alle Lehrenden, der nicht nur zum Austausch einl\u00e4dt,\u2026","rel":"","context":"In &quot;Bildung&quot;","img":{"alt_text":"","src":"","width":0,"height":0},"classes":[]},{"id":19044,"url":"http:\/\/marburg.news\/?p=19044","url_meta":{"origin":11181,"position":2},"title":"Gemeinsam gestalten: Tag der Lehre an der Philipps-Universit\u00e4t","date":"17. November 2025","format":false,"excerpt":"\"Gemeinsam Lehre gestalten\" lautete das Motto des \"Tags der Lehre\" 2025. Bereits zum neunten Mal hat ihn die Philipps-Universit\u00e4t am Freitag (14. November) durchgef\u00fchrt. Beim 9. \"Tag der Lehre\" an der Philipps-Universit\u00e4t Marburg standen Inspiration und Austausch f\u00fcr die Lehrpraxis im Mittelpunkt. Lehrende, Studierende und Lehrinteressierte hatten am Freitag (14.\u2026","rel":"","context":"In &quot;Bildung&quot;","img":{"alt_text":"","src":"","width":0,"height":0},"classes":[]},{"id":11245,"url":"http:\/\/marburg.news\/?p=11245","url_meta":{"origin":11181,"position":3},"title":"Am Tag der Lehre: Vorbildliche Projekte ausgezeichnet","date":"18. November 2022","format":false,"excerpt":"Ihren Sechsten Tag der Lehre hat die Philipps-Universit\u00e4t am Donnerstag (17. November) veranstaltet. Unter dem Motto \u201eLehre@Philipp \u2013 innovativ, divers, digital\u201c wurden sechs besondere Lehrprojekte ausgezeichnet. Auch in diesem Jahr gab es beim Tag der Lehre der Universit\u00e4t Marburg vielf\u00e4ltige M\u00f6glichkeiten der Inspiration und des Austauschs f\u00fcr die eigene Lehrpraxis.\u2026","rel":"","context":"In &quot;Bildung&quot;","img":{"alt_text":"","src":"","width":0,"height":0},"classes":[]},{"id":8187,"url":"http:\/\/marburg.news\/?p=8187","url_meta":{"origin":11181,"position":4},"title":"Inspirierende Ideen: &#8222;Tag der Lehre&#8220; an der Philipps-Universit\u00e4t","date":"19. November 2021","format":false,"excerpt":"\"Mehr als digital\" war der f\u00fcnfte \"Tag der Lehre\" an der Philipps-Universit\u00e4t. Dabei wurden inspirierende Lehrideen ausgezeichnet. Was macht gute Lehre aus? Welche neuen Formate kann man an der Philipps-Universit\u00e4t etablieren? Wo und wie erhalten Interessierte dabei Unterst\u00fctzung? Am Donnerstag (18. November) tauschten sich Marburger Lehrende beim f\u00fcnften \"Tag der\u2026","rel":"","context":"In &quot;Bildung&quot;","img":{"alt_text":"","src":"","width":0,"height":0},"classes":[]},{"id":14340,"url":"http:\/\/marburg.news\/?p=14340","url_meta":{"origin":11181,"position":5},"title":"Zweit\u00e4gig zweisprachig: Gemeinsame Konferenz zur Zukunft der Lehre","date":"12. November 2023","format":false,"excerpt":"Eine gemeinsame Konferenz findet am 15. und 16. November 2023 in Marburg und online statt. Thema ist die Zukunft der Lehre. Unter dem Titel \"Teaching Futures - Zuk\u00fcnfte der Lehre\" laden die Philipps-Universit\u00e4t, die Justus-Liebig-Universit\u00e4t Gie\u00dfen (JLU) und die Technische Hochschule Mittelhessen (THM) gemeinsam zu den \"Tagen der Lehre\" 2023\u2026","rel":"","context":"In &quot;Bildung&quot;","img":{"alt_text":"","src":"","width":0,"height":0},"classes":[]}],"_links":{"self":[{"href":"http:\/\/marburg.news\/index.php?rest_route=\/wp\/v2\/posts\/11181"}],"collection":[{"href":"http:\/\/marburg.news\/index.php?rest_route=\/wp\/v2\/posts"}],"about":[{"href":"http:\/\/marburg.news\/index.php?rest_route=\/wp\/v2\/types\/post"}],"author":[{"embeddable":true,"href":"http:\/\/marburg.news\/index.php?rest_route=\/wp\/v2\/users\/2"}],"replies":[{"embeddable":true,"href":"http:\/\/marburg.news\/index.php?rest_route=%2Fwp%2Fv2%2Fcomments&post=11181"}],"version-history":[{"count":0,"href":"http:\/\/marburg.news\/index.php?rest_route=\/wp\/v2\/posts\/11181\/revisions"}],"wp:attachment":[{"href":"http:\/\/marburg.news\/index.php?rest_route=%2Fwp%2Fv2%2Fmedia&parent=11181"}],"wp:term":[{"taxonomy":"category","embeddable":true,"href":"http:\/\/marburg.news\/index.php?rest_route=%2Fwp%2Fv2%2Fcategories&post=11181"},{"taxonomy":"post_tag","embeddable":true,"href":"http:\/\/marburg.news\/index.php?rest_route=%2Fwp%2Fv2%2Ftags&post=11181"}],"curies":[{"name":"wp","href":"https:\/\/api.w.org\/{rel}","templated":true}]}}