{"id":11150,"date":"2022-11-07T08:44:37","date_gmt":"2022-11-07T07:44:37","guid":{"rendered":"http:\/\/marburg.news\/?p=11150"},"modified":"2022-11-07T08:44:37","modified_gmt":"2022-11-07T07:44:37","slug":"zum-volkstrauertag-lesung-zur-finissage-von-wounded","status":"publish","type":"post","link":"http:\/\/marburg.news\/?p=11150","title":{"rendered":"Zum Volkstrauertag: Lesung zur Finissage von &#8222;Wounded&#8220;"},"content":{"rendered":"<p>Zum Volkstrauertag hat die Stadt eine Lesung mit der Autorin Stefanie vor Schulte organisiert. Sie liest bei der Finissage f\u00fcr &#8222;Wounded&#8220; von Bryan Adams am Sonntag (13. November). <!--more--><br \/>\nNeue Wege geht die Stadt Marburg zum Volkstrauertag am Sonntag (13. November). Aus diesem Anlass hat sie bereits die international bekannte <a href=\"http:\/\/marburg.news\/?p=10796\">Ausstellung &#8222;Wounded: The Legacy of War&#8220;<\/a> mit Fotografien von Bryan Adams ins Rathaus geholt. Bei der \u00f6ffentlichen Finissage steht die Lesung der Erfolgsautorin Stefanie vor Schulte im Mittelpunkt.<br \/>\nAnl\u00e4sslich des Volkstrauertags am Sonntag (13. November wird die Ausstellung zum letzten Mal zu sehen sein. Stefanie vor Schulte liest aus ihrem &#8211; im Diogenes Verlag erschienenen &#8211; Roman &#8222;Junge mit schwarzem Hahn&#8220;, der 2021 als bestes deutschsprachiges Deb\u00fct mit dem Mara-Cassens-Preis ausgezeichnet worden ist. Oberb\u00fcrgermeister Dr. Thomas Spies l\u00e4dt zu Lesung und Finissage am Volkstrauertag f\u00fcr Sonntag (13. November) um 16 Uhr in den Historischen Saal des Rathauses ein.<br \/>\nDer Eintritt ist frei. F\u00fcr Fragen zum Buch wird au\u00dferdem Friederike Wissmach dem Publikum zur Verf\u00fcgung stehen. Sie ist die Vorsitzende des Marburger Literaturforums<br \/>\nHauptfigur des Romans ist ein elfj\u00e4hriger Junge. In einer Welt, in der Verheerungen, Zerst\u00f6rungen und Krieg vor 500 Jahren allgegenw\u00e4rtig sind, steht er unverbr\u00fcchlich f\u00fcr die Gerechtigkeit und trotzt allen Widrigkeiten. Dank seines Mitgef\u00fchls und seines Verstands wird er zum Retter f\u00fcr jene, die noch unschuldiger sind als er.<br \/>\nDie Autorin wurde 1974 in Hannover geboren. Die studierte B\u00fchnen- und Kost\u00fcmbildnerin lebt mit ihrem Mann und vier Kindern in Marburg. Ein B\u00fcchertisch zur Finissage wird von der Buchhandlung am Markt gestaltet.<br \/>\nBryan Adams zeigt seine Fotografien weltweit mit dem Ziel, die Folgen des Krieges ohne Tabu f\u00fcr die Welt zu dokumentieren. 34 eindrucksvolle Portraits von im Krieg Verwundeten (&#8222;Wounded&#8220;) und vom &#8222;Erbe&#8220;, den &#8222;Folgen&#8220; des Krieges sind derzeit noch t\u00e4glich im Rathaus zu sehen. Die gro\u00dfe Leidenschaft des kanadischen Rocks\u00e4ngers Bryan Adams ist neben der Musik die Fotografie.<br \/>\n&#8222;Wer m\u00f6chte, dass sich Menschen heute gegen den Krieg wenden, der muss das Ganze sp\u00fcrbar machen&#8220;, erkl\u00e4rte Oberb\u00fcrgermeister Spies die Neugestaltung des Volkstrauertags durch die Stadt. Die Kunst er\u00f6ffne die Chance auf Empathie, lud er alle Interessierten f\u00fcr den Sonntag ins Marburger Rathaus ein.<\/p>\n<p>* pm: Stadt Marburg<\/p>\n","protected":false},"excerpt":{"rendered":"<p>Zum Volkstrauertag hat die Stadt eine Lesung mit der Autorin Stefanie vor Schulte organisiert. Sie liest bei der Finissage f\u00fcr &#8222;Wounded&#8220; von Bryan Adams am Sonntag (13. November).<\/p>\n","protected":false},"author":2,"featured_media":0,"comment_status":"closed","ping_status":"open","sticky":false,"template":"","format":"standard","meta":{"advanced_seo_description":"","spay_email":"","jetpack_publicize_message":"","jetpack_is_tweetstorm":false,"jetpack_publicize_feature_enabled":true},"categories":[3,2],"tags":[868,438,3641],"jetpack_featured_media_url":"","jetpack_publicize_connections":[],"jetpack_sharing_enabled":true,"jetpack_shortlink":"https:\/\/wp.me\/p8mhvd-2TQ","jetpack-related-posts":[{"id":11229,"url":"http:\/\/marburg.news\/?p=11229","url_meta":{"origin":11150,"position":0},"title":"Demn\u00e4chst divinal: Finissage mit Lesung zum Volkstrauertag","date":"16. November 2022","format":false,"excerpt":"Statt einer Veranstaltung auf dem Friedhof hat zum Volkstrauertag 2022 eine Lesung im Rathaus stattgefunden. Sie diente zugleich als Finissage der Ausstellung \"Wounded: The Legacy of War\". Seit 1952 findet in Deutschland der Volkstrauertag zwei Wochen vor dem ersten Adventssonntag statt. Der staatliche Gedenktag soll an die Opfer von Krieg\u2026","rel":"","context":"In &quot;Kultur&quot;","img":{"alt_text":"","src":"","width":0,"height":0},"classes":[]},{"id":10796,"url":"http:\/\/marburg.news\/?p=10796","url_meta":{"origin":11150,"position":1},"title":"Im Kriegsfall: Bryan Adams zeigt &#8222;&#8220;Wounded &#8211; The Legacy of War&#8220;","date":"4. Oktober 2022","format":false,"excerpt":"Eine Ausstellung von Portr\u00e4ts l\u00e4sst die Folgen des Krieges sp\u00fcren. Bryan Adams zeigt in Marburg \"\"Wounded - The Legacy of War\". Mit \"Wounded - The Legacy of War\" sind im Rathaus ab sofort Fotografien von Bryan Adams zu sehen, die direkt ber\u00fchren, kunstvoll und klar Geschichten der Portr\u00e4tierten erz\u00e4hlen und\u2026","rel":"","context":"In &quot;Kultur&quot;","img":{"alt_text":"","src":"","width":0,"height":0},"classes":[]},{"id":14336,"url":"http:\/\/marburg.news\/?p=14336","url_meta":{"origin":11150,"position":2},"title":"Wieder weg: Beflaggungstermine im November","date":"10. November 2023","format":false,"excerpt":"Die Beflaggung im November hat die Stadtverwaltung am Freitag (10. November) mitgeteilt. Da war der erste Beflaggungstermin zur Pogromnacht am 9. November bereits vorbei. Die Universit\u00e4tsstadt Marburg hisst zu besonderen Anl\u00e4ssen wie Gedenk- oder Aktionstagen Flaggen. Damit m\u00f6chte Marburg auf die Bedeutung der jeweiligen Aktionstage aufmerksam machen. F\u00fcr den Monat\u2026","rel":"","context":"In &quot;Politik&quot;","img":{"alt_text":"","src":"","width":0,"height":0},"classes":[]},{"id":14299,"url":"http:\/\/marburg.news\/?p=14299","url_meta":{"origin":11150,"position":3},"title":"Schutz vor Xenophobie: Marburger K\u00fcnstler aus aller Welt im VielRaum","date":"7. November 2023","format":false,"excerpt":"K\u00fcnstlerinnen und K\u00fcnstler aus Marburg und aller Welt pr\u00e4sentieren ihre Werke im VielRaum. Bis Ende November sind sie dort zu sehen. Im November 1993 wurde der Ausl\u00e4nderbeirat der Universit\u00e4tsstadt Marburg zum ersten Mal gew\u00e4hlt. Um das 30-j\u00e4hrige Jubil\u00e4um geb\u00fchrend zu feiern, l\u00e4dt der Ausl\u00e4nderbeirat zu einer vielf\u00e4ltigen Kunstausstellung im VielRaum\u2026","rel":"","context":"In &quot;Kultur&quot;","img":{"alt_text":"","src":"","width":0,"height":0},"classes":[]},{"id":18816,"url":"http:\/\/marburg.news\/?p=18816","url_meta":{"origin":11150,"position":4},"title":"Ausstellung im Ka.Re.: Vielf\u00e4ltiges Begleitprogramm bis Ende Oktober","date":"10. Oktober 2025","format":false,"excerpt":"Ein vielf\u00e4ltiges Programm begleitet die \"Euthanasie\"-Ausstellung\"im Begegnungshaus \"Ka.Re.\". Es reicht von Lesung bis F\u00fchrungen in Einfacher Sprache. Noch bis Donnerstag (30. Oktober) ist die Ausstellung \"Verfolgung behinderter Menschen im Nationalsozialismus\" im Begegnungshaus KA.RE. in der Biegenstra\u00dfe 18 zu sehen. Thema ist die Ausgrenzung, Verfolgung und Ermordung von Menschen mit Behinderungen\u2026","rel":"","context":"In &quot;Bildung&quot;","img":{"alt_text":"","src":"","width":0,"height":0},"classes":[]},{"id":18984,"url":"http:\/\/marburg.news\/?p=18984","url_meta":{"origin":11150,"position":5},"title":"Nachgereicht: Beflaggungstermine im November 2025","date":"7. November 2025","format":false,"excerpt":"Die Beflaggungstermine im November 2025 hat die Stadt Marburg erst am Freitag (7. November) bekanntgegeben. Die Universit\u00e4tsstadt hisst zu besonderen Anl\u00e4ssen wie Gedenk- oder Aktionstagen an allen st\u00e4dtischen Geb\u00e4uden sowie dem historischen Rathaus die st\u00e4dtische Flagge. Damit m\u00f6chte die Stadt auf die Bedeutung der jeweiligen Aktionstage aufmerksam machen. F\u00fcr den\u2026","rel":"","context":"In &quot;Politik&quot;","img":{"alt_text":"","src":"","width":0,"height":0},"classes":[]}],"_links":{"self":[{"href":"http:\/\/marburg.news\/index.php?rest_route=\/wp\/v2\/posts\/11150"}],"collection":[{"href":"http:\/\/marburg.news\/index.php?rest_route=\/wp\/v2\/posts"}],"about":[{"href":"http:\/\/marburg.news\/index.php?rest_route=\/wp\/v2\/types\/post"}],"author":[{"embeddable":true,"href":"http:\/\/marburg.news\/index.php?rest_route=\/wp\/v2\/users\/2"}],"replies":[{"embeddable":true,"href":"http:\/\/marburg.news\/index.php?rest_route=%2Fwp%2Fv2%2Fcomments&post=11150"}],"version-history":[{"count":0,"href":"http:\/\/marburg.news\/index.php?rest_route=\/wp\/v2\/posts\/11150\/revisions"}],"wp:attachment":[{"href":"http:\/\/marburg.news\/index.php?rest_route=%2Fwp%2Fv2%2Fmedia&parent=11150"}],"wp:term":[{"taxonomy":"category","embeddable":true,"href":"http:\/\/marburg.news\/index.php?rest_route=%2Fwp%2Fv2%2Fcategories&post=11150"},{"taxonomy":"post_tag","embeddable":true,"href":"http:\/\/marburg.news\/index.php?rest_route=%2Fwp%2Fv2%2Ftags&post=11150"}],"curies":[{"name":"wp","href":"https:\/\/api.w.org\/{rel}","templated":true}]}}