{"id":11110,"date":"2022-11-02T17:35:02","date_gmt":"2022-11-02T16:35:02","guid":{"rendered":"http:\/\/marburg.news\/?p=11110"},"modified":"2022-11-02T17:35:02","modified_gmt":"2022-11-02T16:35:02","slug":"einmal-bestaunen-malerei-und-fotografie-im-vielraum-wettergasse-23","status":"publish","type":"post","link":"http:\/\/marburg.news\/?p=11110","title":{"rendered":"Einmal bestaunen: Malerei und Fotografie im VielRAUM Wettergasse 23"},"content":{"rendered":"<p>Bewegende Kunst und Fotografien gibt es im &#8222;VielRAUM&#8220; Wettergasse 23. Die Ausstellung von Marion Br\u00fcckner ist dort bis Montag (21. November) ge\u00f6ffnet. <!--more--><br \/>\nEine neue Ausstellung gibt es im &#8222;VielRAUM&#8220; an der Wettergasse zu sehen. Sie zeigt Bilder und Fotografien der K\u00fcnstlerin Marion Br\u00fcckner.<br \/>\nBr\u00fcckners k\u00fcnstlerischer Weg habe mit ihrer fotografischen Auseinandersetzung mit Naturstrukturen w\u00e4hrend eines Urlaubs auf R\u00fcgen begonnen. Ihr besonderes Interesse galt und gelte seitdem der Struktur des Elements Wasser. &#8222;In diesem Element hinterlassen die Jahreszeiten und die sich st\u00e4ndig ver\u00e4ndernden Lichtverh\u00e4ltnisse faszinierende Gebilde, die ich mit meiner Kamera einfange&#8220;, sagte Br\u00fcckner.<br \/>\nInspiriert durch die Vielfalt in der Natur habe sie 2018 mit der abstrakten Malerei begonnen. Vorwiegend entstehen ihre Bilder auf Leinwand mit Acryl. Dieses Material kombiniert sie mit verschiedenen Strukturpasten, Blattmetallen, Kreiden und vielem mehr. Das Gestalten auf unterschiedlichen Malhintergr\u00fcnden wie Leinwand, Stein-<br \/>\noder Leinenstruktur &#8211; sowie Aquarellpapier) biete der K\u00fcnstlerin einen enormen Variationsreichtum an Ausdrucksm\u00f6glichkeiten. F\u00fcr Br\u00fcckner entstehen sowohl die Fotografie, als auch die Malerei intuitiv. Ihre Bilder sollen zum einen die Menschen ber\u00fchren, sie inspirieren und ihre Freude an der Kunst (wieder) erwecken. Zum anderen soll der eigene Raum f\u00fcr Interpretationen und neue Sichtweisen angeregt werden.<br \/>\nDeswegen stellt sie nun bis Montag (21. November) ihre Kunst sowie ihre Fotografie im VielRAUM der Wettergasse 23 aus. Von Donnerstag bis Samstag steht Br\u00fcckner allen Interessierten von jeweils 14 bis 18 Uhr zur Verf\u00fcgung und freut sich \u00fcber den Austausch, Verkauf und Beratung.<\/p>\n<p>* pm: Stadt Marburg<\/p>\n","protected":false},"excerpt":{"rendered":"<p>Bewegende Kunst und Fotografien gibt es im &#8222;VielRAUM&#8220; Wettergasse 23. Die Ausstellung von Marion Br\u00fcckner ist dort bis Montag (21. November) ge\u00f6ffnet.<\/p>\n","protected":false},"author":2,"featured_media":0,"comment_status":"closed","ping_status":"open","sticky":false,"template":"","format":"standard","meta":{"advanced_seo_description":"","spay_email":"","jetpack_publicize_message":"","jetpack_is_tweetstorm":false,"jetpack_publicize_feature_enabled":true},"categories":[3],"tags":[2854,562,4534],"jetpack_featured_media_url":"","jetpack_publicize_connections":[],"jetpack_sharing_enabled":true,"jetpack_shortlink":"https:\/\/wp.me\/p8mhvd-2Tc","jetpack-related-posts":[{"id":13459,"url":"http:\/\/marburg.news\/?p=13459","url_meta":{"origin":11110,"position":0},"title":"Vielfalt im VielRAUM: Kunstausstellung von Mirsada Vejselaj","date":"31. Juli 2023","format":false,"excerpt":"Der VielRAUM in der Wettergasse 23 steht im Zeichen k\u00fcnstlerischer Vielfalt. Ausgestellt sind dort Werke von Mirsada Vejselaj. Bis Samstag (12. August)steht der VielRAUM in der Wettergasse 23 f\u00fcr k\u00fcnstlerische Vielfalt mit den Werken der K\u00fcnstlerin Mirsada Vejselaj. \"Die Liebe zur Kunst entdeckte ich vor langem, den Einstieg in die\u2026","rel":"","context":"In &quot;Kultur&quot;","img":{"alt_text":"","src":"","width":0,"height":0},"classes":[]},{"id":11219,"url":"http:\/\/marburg.news\/?p=11219","url_meta":{"origin":11110,"position":1},"title":"Staunen \u00fcber St\u00e4dte: Foto-Ausstellung im VielRAUM an der Wettergasse","date":"15. November 2022","format":false,"excerpt":"Die Ausstellung \"Urban\"\"ist im \"VielRAUM\" an der Wettergasse zu sehen. Sie zeigt Fotos von Mattis Weber und Dennis Wilke. Im Marburger VielRAUM in der Wettergasse 16 erwartet Interessierte bis Freitag (9. Dezember) die Fotografie-Ausstellung \"Urban\" von Mattis Weber und Dennis Wilke. Das Ziel dieser Ausstellung ist, Menschen f\u00fcr Marburg und\u2026","rel":"","context":"In &quot;Kultur&quot;","img":{"alt_text":"","src":"","width":0,"height":0},"classes":[]},{"id":15232,"url":"http:\/\/marburg.news\/?p=15232","url_meta":{"origin":11110,"position":2},"title":"EierleiKunst: Neue Ausstellung im VielRAUM an der Wettergasse","date":"18. M\u00e4rz 2024","format":false,"excerpt":"EierleiKunst gibt es in der Vorosterzeit im VielRAUM an der Wettergasse. Nicht nur Elisabeth M\u00fcnch und Susann Feldpausch pr\u00e4sentieren dort ihre Werke, sondern auch die \"N\u00e4hstube Grenzenlos\". Kunstvolle und kreativ bemalte Ostereier gibt es bis Mittwoch (3. April) im VielRAUM der Wettergasse 23 zu sehen. Elisabeth M\u00fcnch und Susann Feldpausch\u2026","rel":"","context":"In &quot;Kultur&quot;","img":{"alt_text":"","src":"","width":0,"height":0},"classes":[]},{"id":10516,"url":"http:\/\/marburg.news\/?p=10516","url_meta":{"origin":11110,"position":3},"title":"Fotografiert: Ungew\u00f6hnliche Bilder von Marburg","date":"1. September 2022","format":false,"excerpt":"\"Marburg ist dunkelbunt\" hei\u00dft eine neue Fotoausstellung im \"VielRAUM\". Sie ist noch bis Mittwoch (7. September) in der Wettergasse 23 zu sehen. Wie dunkelbunt und vielf\u00e4ltig Marburg sein kann, zeigen die beiden Fotografen Mattis Weber und Dennis Wilke im \"Marburger VielRAUM\" in der Wettergasse 23. Sie stellen Luftaufnahmen, Nebelwabern und\u2026","rel":"","context":"In &quot;Kultur&quot;","img":{"alt_text":"","src":"","width":0,"height":0},"classes":[]},{"id":11443,"url":"http:\/\/marburg.news\/?p=11443","url_meta":{"origin":11110,"position":4},"title":"Schaufenster: &#8222;Weihnachtsleute, damals und heute&#8220; im VielRAUM","date":"12. Dezember 2022","format":false,"excerpt":"\"Weihnachtsleute, damals und heute\" zeigt das \"Mobile Reklame-Museum\" im \"VielRAUM\" an der Wettergasse Die Ausstellung ist bis Freitag (23. Dezember) zu sehen. Das \"Mobile Reklame-Museum\" zeigt bis Freitag (23. Dezember) im \"Marburger VielRAUM\" in der Wettergasse 23 eine bunte und weihnachtliche Sonderausstellung. Die Ausstellung macht sichtbar, wie sich Alltagsgeschichte in\u2026","rel":"","context":"In &quot;Kultur&quot;","img":{"alt_text":"","src":"","width":0,"height":0},"classes":[]},{"id":13789,"url":"http:\/\/marburg.news\/?p=13789","url_meta":{"origin":11110,"position":5},"title":"Druckprobe: Mutter und Tochter stellen im VielRAUM aus","date":"8. September 2023","format":false,"excerpt":"\"VielRAUM unter Druck\" ist das Motto einer neuen Ausstellung in der Oberstadt. Bereichert wird sie um eine Druckwerkstatt. Im VielRAUM in der Wettergasse 23 gibt es bis Samstag (30. September) eine Druckwerkstatt zum Mitmachen. Im September bespielen die K\u00fcnstlerinnen Randi Grundke und Josefine Henning erstmals als Mutter und Tochter gemeinsam\u2026","rel":"","context":"In &quot;Kultur&quot;","img":{"alt_text":"","src":"","width":0,"height":0},"classes":[]}],"_links":{"self":[{"href":"http:\/\/marburg.news\/index.php?rest_route=\/wp\/v2\/posts\/11110"}],"collection":[{"href":"http:\/\/marburg.news\/index.php?rest_route=\/wp\/v2\/posts"}],"about":[{"href":"http:\/\/marburg.news\/index.php?rest_route=\/wp\/v2\/types\/post"}],"author":[{"embeddable":true,"href":"http:\/\/marburg.news\/index.php?rest_route=\/wp\/v2\/users\/2"}],"replies":[{"embeddable":true,"href":"http:\/\/marburg.news\/index.php?rest_route=%2Fwp%2Fv2%2Fcomments&post=11110"}],"version-history":[{"count":0,"href":"http:\/\/marburg.news\/index.php?rest_route=\/wp\/v2\/posts\/11110\/revisions"}],"wp:attachment":[{"href":"http:\/\/marburg.news\/index.php?rest_route=%2Fwp%2Fv2%2Fmedia&parent=11110"}],"wp:term":[{"taxonomy":"category","embeddable":true,"href":"http:\/\/marburg.news\/index.php?rest_route=%2Fwp%2Fv2%2Fcategories&post=11110"},{"taxonomy":"post_tag","embeddable":true,"href":"http:\/\/marburg.news\/index.php?rest_route=%2Fwp%2Fv2%2Ftags&post=11110"}],"curies":[{"name":"wp","href":"https:\/\/api.w.org\/{rel}","templated":true}]}}