{"id":11009,"date":"2022-10-23T20:30:13","date_gmt":"2022-10-23T18:30:13","guid":{"rendered":"http:\/\/marburg.news\/?p=11009"},"modified":"2022-10-23T20:32:32","modified_gmt":"2022-10-23T18:32:32","slug":"cafe-am-markt-kaffee-kakao-und-kuchen-plus-politik","status":"publish","type":"post","link":"http:\/\/marburg.news\/?p=11009","title":{"rendered":"Caf\u00e9 am Markt: Kaffee, Kakao und Kuchen plus Politik"},"content":{"rendered":"<p>Wann das &#8222;Caf\u00e9 am Markt&#8220; er\u00f6ffnet wurde, wei\u00df ich nicht genau. Es muss wohl irgendwann Mitte der 80er Jahre gewesen sein.<br \/>\n<!--more--><br \/>\nBis dahin war das <a href=\"http:\/\/marburg.news\/?p=10635\">&#8222;Caf\u00e9 Vetter&#8220; an der Reitgasse<\/a> die einzige Lokalit\u00e4t im Wiener Kaffeehausstil in der Oberstadt. Lediglich das &#8222;Caf\u00e9 Klingelh\u00f6fer&#8220; an der Kreuzung der Haspelstra\u00dfe mit der Liebigstra\u00dfe war damit vergleichbar. Richtig attraktiv wurde das &#8222;Caf\u00e9 am Markt&#8220; f\u00fcr mich erst, als der Marktplatz Ende der 80er Jahre neu gestaltet wurde.<br \/>\nDamals erhielt das Caf\u00e9 seine &#8222;Terrasse&#8220; mit Stufen hin zum gepflasterten Platz. W\u00e4hrend die Stufen mitten auf dem zuvor stufenlosen Platz mich und manche Blinde oder Rollstuhlfahrende unn\u00f6tig behinderten, er\u00f6ffneten sie dem &#8222;Caf\u00e9 am Markt&#8220; ganz neue Ausblicke. Von den leicht erh\u00f6hten Sitzen dort hat man einen herrlichen Ausblick \u00fcber den Marktplatz.<br \/>\nDoch auch diese Au\u00dfenterrasse ist ebenso stufenlos erreichbar wie das Innnere des Caf\u00e9s. Neben dem <a href=\"http:\/\/marburg.news\/?p=10527\">&#8222;Market&#8220; an der Einm\u00fcndung der Nicolaistra\u00dfe<\/a> und der Barf\u00fc\u00dferstra\u00dfe in den Marktplatz ist das &#8222;Caf\u00e9 am markt&#8220; anscheinend das einzige Lokal in der Oberstadt, das Menschen im Rollstuhl barrierefrei erreichen k\u00f6nnen. Allerdings sind die Toiletten in beiden F\u00e4llen nicht rollstuhlgerecht.<br \/>\nDas Innere des &#8222;Caf\u00e9s am Markt&#8220; hat bislang keine gr\u00f6\u00dfere Anziehungskraft auf mich ausge\u00fcbt. In all den Jahren meiner Pr\u00e4senz in Marburg habe ich dort kaum mehr als sechs oder sieben Mal gefr\u00fchst\u00fcckt, Kaffee und Kuchen zu mir genommen oder Salat gegessen. Allerdings erinnere ich mich an eine Pressekonferenz im &#8222;Caf\u00e9 am Markt&#8220; mit dem damaligen SPD-Europa-Abgeordneten Martin Schulz.<br \/>\nDrau\u00dfen hingegen habe ich h\u00e4ufig gesessen und Kakao oder Kaffee und Kuchen genossen. Mit lieben Menschen habe ich dabei gesprochen und mit anderen, die ich kaum kannte. Immer wieder habe ich von der Terrasse dort auf den Marktplatz hinabgehorcht und Veranstaltungen dort verfolgt.<br \/>\nMan kann das Treiben auf dem Platz beobachten oder bei Demonstrationen und Veranstaltungen das Geschehen wie aus einer Loge heraus verfolgen. Dazu kann man leckere Torten und Kuchen oder hei\u00dfe und kalte Geetr\u00e4nke sowie Eis genie\u00dfen. Bei Regen sitzt man unter einem Dach und wird nicht nass, w\u00e4hrend die Leute auf dem Platz ihre Schirme aufspannen.<br \/>\nUnter dem Dach habe ich am 1. Februar 2020 dem str\u00f6menden Regen getrotzt und die <a href=\"http:\/\/marburg.news\/?p=4680\">erste Mahnwache zur Freilassung von Julian Assange<\/a> mitgemacht. Nach der <a href=\"http:\/\/marburg.news\/?p=4777\">f\u00fcnften Mahnwache dazu auf dem Marktplatz<\/a> war dann Schluss. Der erste Corona-Lockdown verhinderte weitere Aktivit\u00e4ten dieser Art.<br \/>\nEinen Wahlkampfauftritt von Daniel Cohn-Bendit habe ich im Mai 2014 mit einer Freundin aus Frankreich von dieser Terrasse aus beobachtet. Am Schluss setzte sich &#8222;der rote Dani&#8220; &#8211; wie er 1968 genannt wurde &#8211; an den Nebentisch und redete mit mir. Der damalige Europa-Abgeordnete der Gr\u00fcnen hatte mich in Erinnerung an gemeinsame Zeiten bei den Gr\u00fcnen Hessen wiedererkannt.<br \/>\nZusammen mit meiner Ehefrau <a href=\"http:\/\/erdmuthe-sturz.marburginfos.de\" target=\"_blank\" rel=\"noopener\">Erdmuthe Sturz<\/a> habe ich mehrmals dort gesessen und auf den Beginn von Freilichtauff\u00fchrungen des Hessischen Landestheaters Marburg (HLTM) auf dem historischen Marktplatz gewartet. Nach ihrem Tod habe ich das mit anderen Begleitpersonen wiederholft; doch war es dann nicht mehr das selbe wie zuvor. Immer war die schmerzliche Erinnerung an unwiederbringliche Zeiten im Hintergrund anwesend.<br \/>\nUnvergessen bleibt mir vor allem aber das Eis, das ich am 8. September 2005 nach der Verleihung des Bundesverdienstkreuzes auf der Terrasse des &#8222;Caf\u00e9s am Markt&#8220; gegessen habe. Alle meine Geschwister, meine Mutter, meine Patentante und mein Onkel Adi waren extra angereist, um an der Feierstunde im Historischen Saal des Rathauses teilzunehmen. Das war der einzige Tag, an dem ich das gro\u00dfe Kreuz an meiner Brust getragen habe.<br \/>\nIm Fr\u00fchjahr 2022 wurde das &#8222;Caf\u00e9 am Markt&#8220; vor\u00fcbergehend geschlossen. Wie viele andere Caf\u00e9s und Restaurants hatte es heftig gelitten unter den Auswirkungen der Corona-Pandemie. Allerdings wurde es dann im Sommer mit einem neuen Angebot wiederer\u00f6ffnet.<br \/>\nBetreiber des Caf\u00e9s sind Felix und Peter Heinzmann. Bereits in dritter Generation f\u00fchren sie auch das &#8222;Hotel St\u00fcmpelstal&#8220; in Michelbach. Im Gegensatz zu diesem Hotel-Restaurant in der Dorfmitte des westlichen Marburger Stadtteils z\u00e4hlt ihr &#8222;Caf\u00e9 am Markt&#8220; f\u00fcr mich aber eindeutig zu den <a href=\"http:\/\/lokale.marburgviews.de\" target=\"_blank\" rel=\"noopener\">legend\u00e4ren Lokalen in Marburg<\/a>.<\/p>\n<p>* Franz-Josef Hanke<\/p>\n","protected":false},"excerpt":{"rendered":"<p>Wann das &#8222;Caf\u00e9 am Markt&#8220; er\u00f6ffnet wurde, wei\u00df ich nicht genau. Es muss wohl irgendwann Mitte der 80er Jahre gewesen sein.<\/p>\n","protected":false},"author":2,"featured_media":0,"comment_status":"closed","ping_status":"open","sticky":false,"template":"","format":"standard","meta":{"advanced_seo_description":"","spay_email":"","jetpack_publicize_message":"","jetpack_is_tweetstorm":false,"jetpack_publicize_feature_enabled":true},"categories":[3,2],"tags":[],"jetpack_featured_media_url":"","jetpack_publicize_connections":[],"jetpack_sharing_enabled":true,"jetpack_shortlink":"https:\/\/wp.me\/p8mhvd-2Rz","jetpack-related-posts":[{"id":10527,"url":"http:\/\/marburg.news\/?p=10527","url_meta":{"origin":11009,"position":0},"title":"Wieder hinein: Das Geheimnis des &#8222;Market&#8220; am Marktplatz","date":"3. September 2022","format":false,"excerpt":"Gleich sieben Restaurants, eine Kellerkneipe und ein Caf\u00e9 gruppieren sich rund um den Marktplatz. Eins dieser Lokale hei\u00dft heute \"Market\". Als ich 1977 nach Marburg kam, hie\u00df dieses Lokal noch \"Krone\". Anfang der 80er Jahre bewirtschaftete ein Jugoslawe die \"Krone\". Damals wurde noch nicht unterschieden zwischen Serben, Kroaten oder Montenegrinern.\u2026","rel":"","context":"In &quot;Kultur&quot;","img":{"alt_text":"","src":"","width":0,"height":0},"classes":[]},{"id":10591,"url":"http:\/\/marburg.news\/?p=10591","url_meta":{"origin":11009,"position":1},"title":"Beispiel Buchladen: Das alternative Caf\u00e9 Am Gr\u00fcn","date":"11. September 2022","format":false,"excerpt":"Seit gut 40 Jahren kenne ich bereits Das Caf\u00e9 Am Gr\u00fcn. Anfang der 80er Jahre firmierte es noch als \"Buchladen-Caf\u00e9 Roter Stern\". Entstanden ist es kurz nach Er\u00f6ffnung der \"Buchhandlung Roter Stern\" in dem restaurierten Fachwerkhaus \"Am Gr\u00fcn\" 28 - 30. W\u00e4hrend der Buchladen vorne an der Stra\u00dfe in seinen\u2026","rel":"","context":"In &quot;Kultur&quot;","img":{"alt_text":"","src":"","width":0,"height":0},"classes":[]},{"id":10635,"url":"http:\/\/marburg.news\/?p=10635","url_meta":{"origin":11009,"position":2},"title":"Caf\u00e9 Vetter: Pralinen und Torte sowie kluge Worte","date":"18. September 2022","format":false,"excerpt":"Als ich 1977 nach Marburg kam, war das \"Caf\u00e9 Vetter\" bereits eine feste Institution. Seit fast 100 Jahren befindet es sich in Familienbesitz. Wer vom Lahntor aus an der Alten Universit\u00e4t vorbei die steile Reitgasse hinaufgeht, der passiert gleich hinter dem Kornmarkt rechts Das \"Caf\u00e9 Vetter\" gegen\u00fcber vom Schuhmarkt mit\u2026","rel":"","context":"In &quot;Kultur&quot;","img":{"alt_text":"","src":"","width":0,"height":0},"classes":[]},{"id":11256,"url":"http:\/\/marburg.news\/?p=11256","url_meta":{"origin":11009,"position":3},"title":"Worte zur Torte: Das Caf\u00e9 Klingelh\u00f6fer im S\u00fcdviertel","date":"20. November 2022","format":false,"excerpt":"Mein allererster Lokalbesuch in Marburg f\u00fchrte mich ins \"Caf\u00e9 Klingelh\u00f6fer\". Mit meinem Vater und seinem Kollegen ging ich am Tag meines Umzugs nach Marburg dorthin. Von meiner Geburtsstadt Bonn waren wir an einem warmen Sonntag im September 1977 mit dem Auto nach Marburg gefahren. Am Nachmittag brachten wir meine Utensilien\u2026","rel":"","context":"In &quot;Kultur&quot;","img":{"alt_text":"","src":"","width":0,"height":0},"classes":[]},{"id":18587,"url":"http:\/\/marburg.news\/?p=18587","url_meta":{"origin":11009,"position":4},"title":"Zum Exzellenzclusterfest: Wissenschaft zum Mitfeiern mitten in Marburg","date":"25. August 2025","format":false,"excerpt":"Mitmachaktionen, Vortr\u00e4ge und PubQuiz gibt es beim \"Exzellenzclusterfest\" am Samstag (6. September). Dort kann man Forschung mitten in Marburg erleben. Die Universit\u00e4tsstadt Marburg und die Philipps-Universit\u00e4t feiern den Erfolg in der Exzellenzstrategie 2025 mit einem spannenden Fest f\u00fcr die ganze Stadt am Samstag (6. September) ab 12:15 Uhr auf dem\u2026","rel":"","context":"In &quot;Bildung&quot;","img":{"alt_text":"","src":"","width":0,"height":0},"classes":[]},{"id":10535,"url":"http:\/\/marburg.news\/?p=10535","url_meta":{"origin":11009,"position":5},"title":"Die Sonne: Fachwerkhaus mit Gasthof am Marktplatz","date":"4. September 2022","format":false,"excerpt":"Die Sonne ist eine feste Institution am Marburger Marktplatz. Seit 1968 leitet die Familie Tontara den gleichnamigen Gasthof in zweiter Generation. Errichtet wurde das Fachwerkhaus \"Markt 14\" im Jahr 1569. Damit geh\u00f6rt es zu den \u00e4ltesten Geb\u00e4uden Marburgs. Seine zentrale Lage unmittelbar am historischen Marktplatz ist eine g\u00fcnstige Voraussetzung f\u00fcr\u2026","rel":"","context":"In &quot;Kultur&quot;","img":{"alt_text":"","src":"","width":0,"height":0},"classes":[]}],"_links":{"self":[{"href":"http:\/\/marburg.news\/index.php?rest_route=\/wp\/v2\/posts\/11009"}],"collection":[{"href":"http:\/\/marburg.news\/index.php?rest_route=\/wp\/v2\/posts"}],"about":[{"href":"http:\/\/marburg.news\/index.php?rest_route=\/wp\/v2\/types\/post"}],"author":[{"embeddable":true,"href":"http:\/\/marburg.news\/index.php?rest_route=\/wp\/v2\/users\/2"}],"replies":[{"embeddable":true,"href":"http:\/\/marburg.news\/index.php?rest_route=%2Fwp%2Fv2%2Fcomments&post=11009"}],"version-history":[{"count":1,"href":"http:\/\/marburg.news\/index.php?rest_route=\/wp\/v2\/posts\/11009\/revisions"}],"predecessor-version":[{"id":11010,"href":"http:\/\/marburg.news\/index.php?rest_route=\/wp\/v2\/posts\/11009\/revisions\/11010"}],"wp:attachment":[{"href":"http:\/\/marburg.news\/index.php?rest_route=%2Fwp%2Fv2%2Fmedia&parent=11009"}],"wp:term":[{"taxonomy":"category","embeddable":true,"href":"http:\/\/marburg.news\/index.php?rest_route=%2Fwp%2Fv2%2Fcategories&post=11009"},{"taxonomy":"post_tag","embeddable":true,"href":"http:\/\/marburg.news\/index.php?rest_route=%2Fwp%2Fv2%2Ftags&post=11009"}],"curies":[{"name":"wp","href":"https:\/\/api.w.org\/{rel}","templated":true}]}}