{"id":10701,"date":"2022-09-25T13:46:06","date_gmt":"2022-09-25T11:46:06","guid":{"rendered":"http:\/\/marburg.news\/?p=10701"},"modified":"2022-09-25T13:46:06","modified_gmt":"2022-09-25T11:46:06","slug":"schlosskonzert-musik-barrierefrei-mit-gebaerdensprache","status":"publish","type":"post","link":"http:\/\/marburg.news\/?p=10701","title":{"rendered":"Schlosskonzert: Musik barrierefrei mit Geb\u00e4rdensprache"},"content":{"rendered":"<p>Einen Liederabend f\u00fcr H\u00f6rbeeintr\u00e4chtigte und H\u00f6rende veranstalten die &#8222;Marburger Schlosskonzerte&#8220; am Samstag (1. Oktober). Das barrierefreie Konzert findet im F\u00fcrstensaal des Landgrafenschlosses statt. <!--more--><br \/>\nerstmalig findet in Marburg ein Konzert f\u00fcr Geh\u00f6rlose, H\u00f6rbehinderte und H\u00f6rende statt; dabei werden Kompositionen von Gustav Jenner und von Alexander Friedrich, dem von Geburt an stark seh\u00adbehinderte Landgrafen, der seine Kompositionen in Braille-Notenschrift aufzeichnete, von einer S\u00e4ngerin und f\u00fcnf Instrumentalmusikern vorgetragen und von einer Musikgeb\u00e4rderin begleitet. Wetere Informationen zum Programm finden Interessierte unter <a href=\"http:\/\/www.marburger-schlosskonzerte.de\">www.marburger-schlosskonzerte.de<\/a>.<br \/>\nDas Programmheft wird in Braille-Blindenschrift sowie als barrierefreie Textdatei zur Verf\u00fcgung gestellt. Erh\u00e4ltlich ist es auch per Mail an barrierefrei@marburger-schlosskonzerte.de. Des Weiteren liegen Programm\u00adbl\u00e4tter in Leichter Sprache aus.<br \/>\nBei Erwerb der entsprechenden Kartenkategorie im Vorverkauf wird ein Transfer vom Cineplex Marburg oder dem Georg-Ga\u00dfmann-Stadion zum Konzertort und zur\u00fcck f\u00fcr insgesamt 5 ? bereitgestellt. Der Termin ist Samstag (1. Oktober) um 19:00 Uhr im F\u00fcrstensaal des Landgrafenschlosses.<br \/>\nDie S\u00e4ngerin Sibylla Rubens und das Cyprian Ensemble aus Freiburg musizieren gemeinsam. Julia Schulenburg geb\u00e4rdet die Musik.<br \/>\nAuf dem Programm stehen Kompositionen von Alexander Friedrich Landgraf von Hessen (1863-1945) und Gustav Jenner (1865-1920). Beide Komponisten hatten ein enges Verh\u00e4ltnis zur Universit\u00e4tsstadt Marburg und beide f\u00fchlten sich in ihrem kompositorischen Wirken Johannes Brahms verpflichtet.<br \/>\nW\u00e4hrend Jenners Bedeutung f\u00fcr Marburg nicht zuletzt dank der Arbeiten des Hessischen Musik\u00adarchivs &#8211; angesiedelt an der Philipps-Universit\u00e4t &#8211; ins Bewusstsein der \u00d6ffentlichkeit gedrungen ist, kennt kaum jemand das musikalische Werk Alexander Friedrichs von Hessen. Der von Geburt an stark seh\u00adbehinderte Landgraf studierte in Marburg und schrieb seine Kompositionen in der Braille-Notenschrift nieder. Er liebte Musik und Kunst und war ein F\u00f6rderer der Musik der Romantik und der Moderne.<br \/>\nZwei dem Konzert vorangehende Kurzvortr\u00e4ge von Uwe Henkhaus vom Hessischen Musikarchiv)\u00fcber das Schaffen Gustav Jenners und Dr. Ralph Philipp Ziegler vom Kulturamt der Stadt Offenbach \u00fcber das musikalische Werk des Landgrafen &#8211; werden in DGS gedolmetscht. Die Sopranistin Sibylla Rubens ist eine der profiliertesten S\u00e4ngerinnen Deutschlands im Konzert-, Lied- und Opernfach. Ihre zu Herzen gehende Stimme, eine nat\u00fcrliche Ausstrahlung und die einf\u00fchlsame Perfektion, mit der sie sich ihr breit gef\u00e4chertes Repertoire erarbeitet, machen Sibylla Rubens zu einem gefragten Gast im In- und Ausland.<br \/>\nMit dem Cyprian Ensemble Freiburg &#8211; bestehend aus Johannes Blumenr\u00f6ther (Violine), Dorothea Funk (Viola), Tomohisa Jano (Violoncello), Marc Noetzel (Horn) und Carl-Martin Buttgereit (Klavier) &#8211; pr\u00e4sentiert Sibylla Rubens ausgew\u00e4hlte Werke der beiden Marburger Komponisten.<br \/>\nDie Musik\u00advermittlerin Julia Schulenburg von der Neuen Philharmonie Westfalen hat sich durch die einzig\u00adartige Kombination ihrer Studienabschl\u00fcsse Dipl. Rhythmik\/Musik und Bewegung und B.A. Geb\u00e4rdensprachen auf k\u00fcnstlerische Vermittlungsangebote f\u00fcr Menschen mit H\u00f6rsch\u00e4digung spezialisiert. Sie verwandelt &#8222;das H\u00f6rbare der Musik (.) in eine visuelle Choreo\u00adgrafie. Eine neue k\u00fcnstlerische Ebene entsteht, die nicht nur H\u00f6rgesch\u00e4digten, sondern auch H\u00f6renden ein besonderes Musikerlebnis schafft.&#8220;<br \/>\nGef\u00f6rdert wird das Konzert vom Jubil\u00e4umsprogramm &#8222;Marburg800&#8220; und der Aktion Mensch (AM). Zu allen Konzerten werden Programmhefte in Braille-Blindenschrift sowie als barrierefreie Textdatei zur Verf\u00fcgung gestellt. Des Weiteren liegen Programm\u00adbl\u00e4tter in Leichter Sprache aus.<br \/>\nDie Umluftanlage des F\u00fcrstensaales ist nicht Corona-konform. Daher empfehlen die Verasstalter das Tragen eines medizinischen Mund-Nasen-Schutzes auch auf dem Platz.<\/p>\n<p>* pm: Marburger Schlosskonzerte<\/p>\n","protected":false},"excerpt":{"rendered":"<p>Einen Liederabend f\u00fcr H\u00f6rbeeintr\u00e4chtigte und H\u00f6rende veranstalten die &#8222;Marburger Schlosskonzerte&#8220; am Samstag (1. Oktober). Das barrierefreie Konzert findet im F\u00fcrstensaal des Landgrafenschlosses statt.<\/p>\n","protected":false},"author":2,"featured_media":0,"comment_status":"closed","ping_status":"open","sticky":false,"template":"","format":"standard","meta":{"advanced_seo_description":"","spay_email":"","jetpack_publicize_message":"","jetpack_is_tweetstorm":false,"jetpack_publicize_feature_enabled":true},"categories":[3,4],"tags":[306,359,4418],"jetpack_featured_media_url":"","jetpack_publicize_connections":[],"jetpack_sharing_enabled":true,"jetpack_shortlink":"https:\/\/wp.me\/p8mhvd-2MB","jetpack-related-posts":[{"id":10014,"url":"http:\/\/marburg.news\/?p=10014","url_meta":{"origin":10701,"position":0},"title":"Zweifacher Erfolg: Doppelkonzert von Ferdinand und Severin Marks","date":"28. Juni 2022","format":false,"excerpt":"Zwei Benefizkonzerte hat der Kirchenkreis Marburg angek\u00fcndigt. Zwei jugendliche Br\u00fcder vermitteln dabei musikalische Impressionen aus f\u00fcnf Jahrhunderten. unter dem Motto \"zauberhafte Impressionen\" gestalten die Br\u00fcder Ferdinand und Severin Marks ein Konzert f\u00fcr Gitarre und Violine. Von barocken Kl\u00e4ngen bis hin zu spanischer Gitarrenmusik spannt sich der musikalische Bogen der beiden\u2026","rel":"","context":"In &quot;Kultur&quot;","img":{"alt_text":"","src":"","width":0,"height":0},"classes":[]},{"id":10092,"url":"http:\/\/marburg.news\/?p=10092","url_meta":{"origin":10701,"position":1},"title":"J\u00fcdische Musik: Konzert mit Jascha Nemtsov in der Alten Aula","date":"9. Juli 2022","format":false,"excerpt":"J\u00fcdische Musik steht im Fokus eines Konzertabends mit Prof. Jascha Nemtsov in der Aula der Alten Universit\u00e4t. Der Eintritt ist frei. Zum ersten Mal seit zwei Jahren findet in der Aula der Alten Universit\u00e4t wieder eine \u00f6ffentliche Veranstaltung statt. Der Pianist und Professor f\u00fcr j\u00fcdische Musik Jascha Nemtsov gestaltet den\u2026","rel":"","context":"In &quot;Bildung&quot;","img":{"alt_text":"","src":"","width":0,"height":0},"classes":[]},{"id":20088,"url":"http:\/\/marburg.news\/?p=20088","url_meta":{"origin":10701,"position":2},"title":"Mitschwingen: Schlossbegegnungen im Juni zu Resonanzen","date":"28. Mai 2026","format":false,"excerpt":"Die Veranstaltungsreihe \"Schlossbegegnungen\" widmet sich im Juni dem Thema \"Resonanzen\". Sie beleuchtet das Ph\u00e4nomen \"Mitschwingen\" im konkreten wie \u00fcbertragenen Sinn. Wo etwas in Bewegung ger\u00e4t, kann anderes mitschwingen: Das verst\u00e4rkt, vertieft, verwandelt. In der Physik reagiert ein System auf die passende Frequenz: Br\u00fccken, die schwanken, Glas, das zerspringt, oder Atome\u2026","rel":"","context":"In &quot;Bildung&quot;","img":{"alt_text":"","src":"","width":0,"height":0},"classes":[]},{"id":7572,"url":"http:\/\/marburg.news\/?p=7572","url_meta":{"origin":10701,"position":3},"title":"Zum Zuschauen: Leseb\u00fchne und Konzert am Spiegelslustturm","date":"13. August 2021","format":false,"excerpt":"Die Leseb\u00fchne und ein Konzert auf der Waldb\u00fchne am Spiegelslustturm bilden das Programm der \"Sommerstadt Marburg\" am 17. und 18. August. Das hat die Stadt am Freitag (13. August) angek\u00fcndigt. Die \"Cavete-Leseb\u00fchne\" zieht am Dienstag (17. August) f\u00fcr einen Abend vom Steinweg an den Spiegelslustturm. Die Leseb\u00fchne ist eine langj\u00e4hrige\u2026","rel":"","context":"In &quot;Kultur&quot;","img":{"alt_text":"","src":"","width":0,"height":0},"classes":[]},{"id":14105,"url":"http:\/\/marburg.news\/?p=14105","url_meta":{"origin":10701,"position":4},"title":"FESTLAND: Live Konzert im Marburger Kunstverein","date":"19. Oktober 2023","format":false,"excerpt":"Die Band FESTLAND spielt am Samstag (28. Oktober) im Marburger Kunstverein. Das Trio vertont Texte des K\u00fcnstlers Fabian Weinecke. Die Band FESTLAND spielt Songs aus ihrem neuen Album \"Hippies\". Sie wurde 2004 von Thomas Geier, Yoshino und DDFM gegr\u00fcndet. Wie alle drei vorherigen Alben der Band beruht auch dieses auf\u2026","rel":"","context":"In &quot;Kultur&quot;","img":{"alt_text":"","src":"","width":0,"height":0},"classes":[]},{"id":448,"url":"http:\/\/marburg.news\/?p=448","url_meta":{"origin":10701,"position":5},"title":"Im Mai: VHS bietet Grundkurs in Geb\u00e4rdensprache an","date":"26. April 2017","format":false,"excerpt":"Einen Grundkurs in Geb\u00e4rdensprache bietet die Volkshochschule Marburg (vhs) im Mai 2017 an. Er umfasst zwei Wochenenden. Der Kurs unter der Leitung von Marina May findet am Samstag (6. Mai) und Sonntag (7. Mai) sowie am Wochenende vom 20. Und 21. Mai statt. Der Unterricht an den beiden Samstagen beginnt\u2026","rel":"","context":"In &quot;Bildung&quot;","img":{"alt_text":"","src":"","width":0,"height":0},"classes":[]}],"_links":{"self":[{"href":"http:\/\/marburg.news\/index.php?rest_route=\/wp\/v2\/posts\/10701"}],"collection":[{"href":"http:\/\/marburg.news\/index.php?rest_route=\/wp\/v2\/posts"}],"about":[{"href":"http:\/\/marburg.news\/index.php?rest_route=\/wp\/v2\/types\/post"}],"author":[{"embeddable":true,"href":"http:\/\/marburg.news\/index.php?rest_route=\/wp\/v2\/users\/2"}],"replies":[{"embeddable":true,"href":"http:\/\/marburg.news\/index.php?rest_route=%2Fwp%2Fv2%2Fcomments&post=10701"}],"version-history":[{"count":0,"href":"http:\/\/marburg.news\/index.php?rest_route=\/wp\/v2\/posts\/10701\/revisions"}],"wp:attachment":[{"href":"http:\/\/marburg.news\/index.php?rest_route=%2Fwp%2Fv2%2Fmedia&parent=10701"}],"wp:term":[{"taxonomy":"category","embeddable":true,"href":"http:\/\/marburg.news\/index.php?rest_route=%2Fwp%2Fv2%2Fcategories&post=10701"},{"taxonomy":"post_tag","embeddable":true,"href":"http:\/\/marburg.news\/index.php?rest_route=%2Fwp%2Fv2%2Ftags&post=10701"}],"curies":[{"name":"wp","href":"https:\/\/api.w.org\/{rel}","templated":true}]}}