{"id":10459,"date":"2022-08-27T12:33:05","date_gmt":"2022-08-27T10:33:05","guid":{"rendered":"http:\/\/marburg.news\/?p=10459"},"modified":"2022-09-29T11:33:05","modified_gmt":"2022-09-29T09:33:05","slug":"kneipenabend-alter-ritter-wurde-sudhaus","status":"publish","type":"post","link":"http:\/\/marburg.news\/?p=10459","title":{"rendered":"Kneipenabend: Alter Ritter wurde Sudhaus"},"content":{"rendered":"<p>&#8222;Alter Ritter&#8220; steht an einer Hauswand am unteren Steinweg. 1977 konnte ich das dort selber noch lesen. <!--more--><br \/>\n1977 beherbergte das Geb\u00e4ude allerdings gar kein Restaurant. Vom Eingang an der Ketzerbach aus erreichte man damals \u00fcber einige Stufen das &#8222;Amerikahaus&#8220;. Seit vielen Jahren residiert dort die Stadtb\u00fccherei.<br \/>\nDie Speisegastst\u00e4tte &#8222;Alter Ritter&#8220; wurde nach l\u00e4ngerer Pause irgendwann in den 80er Jahren in R\u00e4umen unter der Stadtb\u00fccherei wiederer\u00f6ffnet. Als ich 1988 in den Marburger Regionalvorstand der Deutschen Journalisten-Union (DJU) gew\u00e4hlt wurde, wurde der &#8222;Alte Ritter&#8220; bald zum DJU-Stammlokal. Dort veranstalteten wir unseren monatlichen &#8222;Journalistenstammtisch&#8220; mit wechselnden G\u00e4sten aus Politik, Gesellschaft und Wirtschaft.<br \/>\nF\u00fcr gr\u00f6\u00dfere Veranstaltungen gab es hinten zur Ketzerbach hin einen abgetrennten Raum. Unsere Treffen ohne G\u00e4ste verbrachten wir meist im vorderen Gastraum gleich gegen\u00fcber der Theke. Dort sa\u00dfen wir an einem gro\u00dfen runden Tisch auf bequemen gepolsterten B\u00e4nken.<br \/>\nDen Gastraum erreichte man vom Steinweg aus \u00fcber zwei Stufen durch eine Glast\u00fcr. Dann wandte man sich nach rechts, wo am Fenster entlang kleinere Tische standen, w\u00e4hrend sich im Raum zur Theke hin einige gr\u00f6\u00dfere Sitzgruppen befanden. Teppichboden d\u00e4mpfte das Ger\u00e4usch der Schritte, w\u00e4hrend die G\u00e4ste selbst mit ged\u00e4mpften Stimmen f\u00fcr eine angenehme Stimmung im Gastraum sorgten.<br \/>\nIn den 90er Jahren konnte man im &#8222;Alten Ritter&#8220; zu vertretbaren Preisen recht gut speisen. Eine gute Weinkarte lockte eher anspruchsvolle G\u00e4ste ebenso wie eine Speisekarte mit Fisch- und Fleischgerichten sowie Vegetarischem. Aber auch Bier wurde damals gut ausgeschenkt.<br \/>\nDas Netteste am &#8222;Alten Ritter&#8220; waren nach meiner Erfahrung aber die meisten Kellnerinnen, die dort oft \u00fcber Jahre hinweg bedienten. Sie waren aufmerksam und freundlich, ohne dass es jemals gek\u00fcnstelt gewirkt h\u00e4tte. Dank der freundlichen Ansprache der Bedienung konnte ich dort auch gut eine halbe Stunde lang allein auf die Kolleginnen und Kollegen warten, die erst versp\u00e4tet beim &#8222;Journalistenstammtisch&#8220; eintrudelten. Selbst wenn ich eine von ihnen in der Stadt traf, begr\u00fc\u00dfte sie mich und half mir auf die Spr\u00fcnge, woher sie mich kannte.<br \/>\nMit den Jahren f\u00fchrten wir bei &#8222;Journalistenstammtischen&#8220; gespr\u00e4che mit Polizeichefs und deren Pressesprechern, mit Parteivorsitzenden oder Oberb\u00fcrgermeistern sowie Kandidaten f\u00fcr dieses Amt, mit Industriellen und Firmenpressesprechern, mit einer Fernsehtalkshow-Organisatorin, mit Medienwissenschaftlern und Journalisten. Gut erinnern kann ich mich beispielsweise noch an einen Abend mit dem Buchenwald-\u00dcberlebenden Emil Carlebach aus Frankfurt.<br \/>\nGerade dieser Abend war aber auch der Wendepunkt in meinem Verh\u00e4ltnis zum &#8222;Alten Ritter&#8220;. Eine neue Kellnerin hatte den Wirt Anfang der 2000er Jahre darin best\u00e4rkt, der &#8222;Alte Ritter&#8220; solle nun zur &#8222;Sterne-Gastronomie&#8220; aufsteigen. Die &#8211; oft nur Bier trinkenden &#8211; Journalistinnen und Journalisten waren nicht ihre erstrebte Zielgruppe. So servierte sie die Essen schnippisch \u00fcber andere G\u00e4ste hinweg und zeigte den versammelten Zuh\u00f6rerinnen und Zuh\u00f6rern, wie wenig sie sie wertsch\u00e4tzte.<br \/>\nBald darauf traf sich die DJU Marburg nicht mehr im &#8222;Alten Ritter&#8220;. Erst stieg die Gastst\u00e4tte tats\u00e4chlich zu einem Feinschmeckerlokal auf, bevor sie dann aber allm\u00e4hlich den Bogen \u00fcberspannte und immer mehr G\u00e4ste verlor. Als ich im Oktober 2010 nach langer Pause wieder einmal im &#8222;Alten Ritter&#8220; zu Mittag a\u00df, war das Essen teuer und trotzdem schlecht.<br \/>\nWenig sp\u00e4ter wurde das Speiselokal geschlossen. Es dauerte einige Jahre, bis das &#8222;Sudhaus&#8220; in die R\u00e4ume einzog, an denen neben dem neuen immer noch der alte Name prangt. Das &#8222;Sudhaus&#8220; hatte vorher in einem urigen Fachwerkhaus am Hirschberg schr\u00e4g gegen\u00fcber vom &#8222;<a href=\"http:\/\/marburg.news\/?p=10363\">Bistro Caveau&#8220;<\/a> residiert.<br \/>\nDas &#8222;Sudhaus&#8220; bietet ein umfangreiches Sortiment an Speisen zu g\u00fcnstigen Preisen. Leider ist es im Inneren aber sehr laut und eher ungem\u00fctlich, w\u00e4hrend man bei sch\u00f6nem Wetter drau\u00dfen ganz gut sitzen und essen kann. Am Ende k\u00f6nnte man sowohl das &#8222;Sudhaus&#8220; an seinen beiden Standorten als auch den &#8222;Alten Ritter&#8220; inzwischen zu den legend\u00e4ren Lokalen in Marburg z\u00e4hlen.<\/p>\n<p>* Franz-Josef Hanke<\/p>\n","protected":false},"excerpt":{"rendered":"<p>&#8222;Alter Ritter&#8220; steht an einer Hauswand am unteren Steinweg. 1977 konnte ich das dort selber noch lesen.<\/p>\n","protected":false},"author":2,"featured_media":10747,"comment_status":"closed","ping_status":"open","sticky":false,"template":"","format":"standard","meta":{"advanced_seo_description":"","spay_email":"","jetpack_publicize_message":"","jetpack_is_tweetstorm":false,"jetpack_publicize_feature_enabled":true},"categories":[3,2,4],"tags":[4334,4335,4336],"jetpack_featured_media_url":"https:\/\/i0.wp.com\/marburg.news\/wp-content\/uploads\/2022\/08\/20220922_133135-scaled.jpg?fit=2560%2C1920","jetpack_publicize_connections":[],"jetpack_sharing_enabled":true,"jetpack_shortlink":"https:\/\/wp.me\/p8mhvd-2IH","jetpack-related-posts":[{"id":14777,"url":"http:\/\/marburg.news\/?p=14777","url_meta":{"origin":10459,"position":0},"title":"Staunen in der Stadtb\u00fccherei: Im Wald wird\u00b4s eng","date":"18. Januar 2024","format":false,"excerpt":"\"Im Wald wird\u00b4s eng\". Das ist der Titel einer interaktiven Lesung f\u00fcr Kinder mit einem \u00dcberraschungsgast. Was geschieht mit den Waldtieren, wenn St\u00e4dte immer gr\u00f6\u00dfer und der Wald rundherum immer kleiner wird? Schon manch ein Fuchs hat sich Gummistiefel von der Terrasse geschnappt oder ein Marder an den Kabeln des\u2026","rel":"","context":"In &quot;Bildung&quot;","img":{"alt_text":"","src":"","width":0,"height":0},"classes":[]},{"id":19704,"url":"http:\/\/marburg.news\/?p=19704","url_meta":{"origin":10459,"position":1},"title":"Freude durch Frieden: Buchvorstellung mit Workshop f\u00fcr Kinder","date":"13. M\u00e4rz 2026","format":false,"excerpt":"Zu einer Kinderbuchvorstellung am Mittwoch (25. M\u00e4rz) l\u00e4dt die Stadtb\u00fccherei ein. Das Buch hei\u00dft \"Das Friedenstier\". Die Stadtb\u00fccherei Marburg l\u00e4dt f\u00fcr Mittwoch (25. M\u00e4rz) um 15.30 Uhr zur Vorstellung des Buchs \"Das Friedenstier\" mit anschlie\u00dfendem Workshop ein. Die Veranstaltung ist f\u00fcr Kinder ab acht Jahre. Warum soll nur die Taube\u2026","rel":"","context":"In &quot;Kultur&quot;","img":{"alt_text":"","src":"","width":0,"height":0},"classes":[]},{"id":1641,"url":"http:\/\/marburg.news\/?p=1641","url_meta":{"origin":10459,"position":2},"title":"Mehr Moderne: Stadtb\u00fccherei steigerte Onleihe deutlich","date":"7. Februar 2018","format":false,"excerpt":"F\u00fcr 2018 verzeichnet die Stadtb\u00fccherei einen Anstieg sowohl der Besucher wie auch der aktiven Nutzer. Hinzu kommt ein wachsendes Interesse an digitalen Medien. Auch wenn sie \"B\u00fccherei\" hei\u00dft, hat die Stadtb\u00fccherei viel mehr zu bieten als nur B\u00fccher, erkl\u00e4rte Stadtr\u00e4tin Kirsten Dinnebier. Das ist bei den Nutzern immer mehr gefragt,\u2026","rel":"","context":"In &quot;Bildung&quot;","img":{"alt_text":"","src":"","width":0,"height":0},"classes":[]},{"id":16291,"url":"http:\/\/marburg.news\/?p=16291","url_meta":{"origin":10459,"position":3},"title":"Keine Langeweile: Blaulichtern auf der Spur in der Stadtb\u00fccherei","date":"10. September 2024","format":false,"excerpt":"\"Blaulichtern auf der Spur\" ist die Stadtb\u00fccherei am Mittwoch (18. September). F\u00fcr Kinder gibt es dann einen Nachmittag mit der Polizei. Das Team der Stadtb\u00fccherei Marburg l\u00e4dt jeden Monat zu einer Kinderveranstaltung ein. In diesem Monat wird die Veranstaltungsreihe \"Blaulichtern auf der Spur\" fortgesetzt. Bei der Veranstaltung im Juni ging\u2026","rel":"","context":"In &quot;Soziales&quot;","img":{"alt_text":"","src":"","width":0,"height":0},"classes":[]},{"id":16523,"url":"http:\/\/marburg.news\/?p=16523","url_meta":{"origin":10459,"position":4},"title":"Abgeschreckt: Herbstliche Gruselnacht in der Stadtb\u00fccherei","date":"4. Oktober 2024","format":false,"excerpt":"Die Gruselnacht ist ein Stadtb\u00fccherei-Klassiker zur Herbstzeit. Stattfinden wird sie diesmal am Mittwoch (16. Oktober). Seit Jahrhunderten suchen wagemutige Kinder vergeblich nach einem geheimnisvollen Schatz. Er soll dort vergraben sein, wo sich heute die Marburger Stadtb\u00fccherei befindet. Nur an dem Tag, an dem der 16. Oktober auf einen Mittwoch f\u00e4llt\u2026","rel":"","context":"In &quot;Kultur&quot;","img":{"alt_text":"","src":"","width":0,"height":0},"classes":[]},{"id":19307,"url":"http:\/\/marburg.news\/?p=19307","url_meta":{"origin":10459,"position":5},"title":"Filme f\u00fcr die Kleinen: Bobbycar-Kino in der Stadtb\u00fccherei","date":"7. Januar 2026","format":false,"excerpt":"Ein \"Bobbycar-Kino\" gibt es am Mittwoch (21. Januar) in der Stadtb\u00fccherei. Die Veranstaltung richtet sich an Kinder im Vorschulalter. Zum Start ins neue Jahr l\u00e4dt die Stadtb\u00fccherei Marburg Kinder im Alter von vier bis sechs Jahren zum Bobbycar-Kino ein. Mit dem Bobbycar geht es am Mittwoch (21. Januar) ab 15\u2026","rel":"","context":"In &quot;Bildung&quot;","img":{"alt_text":"","src":"","width":0,"height":0},"classes":[]}],"_links":{"self":[{"href":"http:\/\/marburg.news\/index.php?rest_route=\/wp\/v2\/posts\/10459"}],"collection":[{"href":"http:\/\/marburg.news\/index.php?rest_route=\/wp\/v2\/posts"}],"about":[{"href":"http:\/\/marburg.news\/index.php?rest_route=\/wp\/v2\/types\/post"}],"author":[{"embeddable":true,"href":"http:\/\/marburg.news\/index.php?rest_route=\/wp\/v2\/users\/2"}],"replies":[{"embeddable":true,"href":"http:\/\/marburg.news\/index.php?rest_route=%2Fwp%2Fv2%2Fcomments&post=10459"}],"version-history":[{"count":5,"href":"http:\/\/marburg.news\/index.php?rest_route=\/wp\/v2\/posts\/10459\/revisions"}],"predecessor-version":[{"id":10473,"href":"http:\/\/marburg.news\/index.php?rest_route=\/wp\/v2\/posts\/10459\/revisions\/10473"}],"wp:featuredmedia":[{"embeddable":true,"href":"http:\/\/marburg.news\/index.php?rest_route=\/wp\/v2\/media\/10747"}],"wp:attachment":[{"href":"http:\/\/marburg.news\/index.php?rest_route=%2Fwp%2Fv2%2Fmedia&parent=10459"}],"wp:term":[{"taxonomy":"category","embeddable":true,"href":"http:\/\/marburg.news\/index.php?rest_route=%2Fwp%2Fv2%2Fcategories&post=10459"},{"taxonomy":"post_tag","embeddable":true,"href":"http:\/\/marburg.news\/index.php?rest_route=%2Fwp%2Fv2%2Ftags&post=10459"}],"curies":[{"name":"wp","href":"https:\/\/api.w.org\/{rel}","templated":true}]}}