{"id":10386,"date":"2022-08-17T10:07:21","date_gmt":"2022-08-17T08:07:21","guid":{"rendered":"http:\/\/marburg.news\/?p=10386"},"modified":"2022-08-17T10:07:21","modified_gmt":"2022-08-17T08:07:21","slug":"mit-geige-und-humor-ausstellung-zum-juedischen-leben-schliesst-mit-kabarett","status":"publish","type":"post","link":"http:\/\/marburg.news\/?p=10386","title":{"rendered":"Mit Geige und Humor: Ausstellung zum j\u00fcdischen Leben schlie\u00dft mit kabarett"},"content":{"rendered":"<p>&#8222;Erinnern schafft Identit\u00e4t.&#8220; Die gleichnamige Ausstellung zum j\u00fcdischen Leben schlie\u00dft beschwingt mit Kabarett. <!--more--><br \/>\nDie Ausstellung &#8222;J\u00fcdisches Leben in Marburg&#8220; zeigte ein Vierteljahr lang, wie Erinnerung das t\u00e4gliche Leben bestimmt. Nun schlie\u00dft sie am Mittwoch (24. August) um 18 Uhr im historischen Saal des Rathauses mit dem Musiker und Kabarettisten Aliosha Biz, der den russisch-j\u00fcdischen Alltag aus ungew\u00f6hnlicher Perspektive in den Blick nimmt.<br \/>\nGanz normale Alltagsgegenst\u00e4nde von der Wanduhr bis zur Streichholzschachtel haben drei Monate lang im Rathaus individuell, bunt und vielschichtig vom Leben und der Geschichte j\u00fcdischer Marburgerinnen und Marburger erz\u00e4hlt. Zum Abschluss l\u00e4dt der j\u00fcdische Musiker und Kabarettist Aliosha Biz ein, an seiner Geschichte teilzuhaben. Ein Programm &#8222;Der Fiddler ohne Ruf&#8220; ist ein russisch-j\u00fcdischer Kabarett-Reigen mit &#8222;a bissele a Muzik&#8220; und viel politisch inkorrektem, slawischem, j\u00fcdischem und sonstigem Humor.<br \/>\nBiz wurde in Moskau geboren. Wie alle sowjetischen Kinder musste er bei der Erd\u00e4pfelernte helfen und Geige spielen. Als diese kaum zumutbare Kindheit vorbei war, entschied er sich eines Tages, in die Stadt seiner Gro\u00dfeltern, nach Wien \u00fcberzusiedeln, wo er noch am selben Abend am S\u00fcdbahnhof ausstieg.<br \/>\nHeute unterh\u00e4lt der K\u00fcnstler sein Publikum mit skurrilen russisch-j\u00fcdischen Geschichten. Er l\u00e4sst Oligarchen als politische Strippenzieher auftreten und erkl\u00e4rt, wie man als Osteurop\u00e4er Tiroler Dialekt sprechen lernt. Geige spielt er dazu auch noch, wenn er will.<br \/>\nDie Universit\u00e4tsstadt Marburg und die Religionskundliche Sammlung der Philipps Universit\u00e4t laden zu einem beschwingten Ausklang einer Ausstellung ein, die ihrerseits das j\u00fcdische Leben, und auch das j\u00fcdisch-russische Leben spiegelte. Denn in Marburg stammen viele Mitglieder der j\u00fcdischen Gemeinschaft aus Osteuropa. So ist nicht unwahrscheinlich, dass nicht nur die Mitwirkenden an der Ausstellung, sondern auch viele ihrer Besucher etliches aus dem Programm schmunzelnd wiedererkennen und manches staunend neu entdecken werden.<\/p>\n<p>* pm: Stadt Marburg<\/p>\n","protected":false},"excerpt":{"rendered":"<p>&#8222;Erinnern schafft Identit\u00e4t.&#8220; Die gleichnamige Ausstellung zum j\u00fcdischen Leben schlie\u00dft beschwingt mit Kabarett.<\/p>\n","protected":false},"author":2,"featured_media":0,"comment_status":"closed","ping_status":"open","sticky":false,"template":"","format":"standard","meta":{"advanced_seo_description":"","spay_email":"","jetpack_publicize_message":"","jetpack_is_tweetstorm":false,"jetpack_publicize_feature_enabled":true},"categories":[5,3,4],"tags":[1824,267,899],"jetpack_featured_media_url":"","jetpack_publicize_connections":[],"jetpack_sharing_enabled":true,"jetpack_shortlink":"https:\/\/wp.me\/p8mhvd-2Hw","jetpack-related-posts":[{"id":9651,"url":"http:\/\/marburg.news\/?p=9651","url_meta":{"origin":10386,"position":0},"title":"Ausstellerischer Auftakt: J\u00fcdisches Leben auch mit VR-Brille","date":"25. Mai 2022","format":false,"excerpt":"\"F\u00fcr Antisemitismus ist in unserer Stadt kein Millimeter Platz\", versicherte Dr. Thomas Spies. Der Oberb\u00fcrgermeister er\u00f6ffnete die Ausstellung \"J\u00fcdisches Leben in Marburg: Erinnern schafft Identit\u00e4t\" am Dienstag (24. Mai) im Rathaus. Die Ausstellung ist in Verbindung mit dem Institut f\u00fcr Religionswissenschaften der Philipps-Universit\u00e4t entstanden. Die Kuratorinnen Dr. Susanne Rodemeier und\u2026","rel":"","context":"In &quot;Bildung&quot;","img":{"alt_text":"Ausstellung","src":"https:\/\/i0.wp.com\/marburg.news\/wp-content\/uploads\/2022\/05\/DSC_0058.NEF-01-scaled.jpeg?fit=1200%2C899&resize=350%2C200","width":350,"height":200},"classes":[]},{"id":9607,"url":"http:\/\/marburg.news\/?p=9607","url_meta":{"origin":10386,"position":1},"title":"J\u00fcdisches Leben: Ausstellung mit virtueller Synagoge","date":"21. Mai 2022","format":false,"excerpt":"Eine Ausstellung gibt Einblicke in j\u00fcdisches Leben heute. Zudem gibt es eine Erlebnisreise ins 14. Jahrhundert mit VR-Brille. Im Jubil\u00e4umsjahr \"Marburg800\" widmet sich die Stadt auch dem j\u00fcdischen Leben in Marburg. Eine Ausstellung der Religionskundlichen Sammlung der Philipps-Universit\u00e4t zeigt ab Dienstag (24. Mai) das Judentum in der Universit\u00e4tsstadt heute. Eine\u2026","rel":"","context":"In &quot;Bildung&quot;","img":{"alt_text":"","src":"","width":0,"height":0},"classes":[]},{"id":410,"url":"http:\/\/marburg.news\/?p=410","url_meta":{"origin":10386,"position":2},"title":"Geschichte bew\u00e4ltigt: Jubil\u00e4umsprogramm zu 700 Jahren Judentum in Marburg","date":"12. April 2017","format":false,"excerpt":"2017 j\u00e4hrt sich nicht nur die Reformation; auch j\u00fcdische Geschichte, Kultur und Religion in Marburg erleben ein Jubil\u00e4um. Ein umfangreiches Programm macht 700 Jahre j\u00fcdisches Leben erlebbar. Unterst\u00fctzt vom Fachdienst Kultur der Stadt Marburg und weiteren Kooperationspartnern, hat die J\u00fcdische Gemeinde Marburg zum 700-j\u00e4hrigen Jubil\u00e4um ein umfangreiches Programm zu Geschichte\u2026","rel":"","context":"In &quot;Bildung&quot;","img":{"alt_text":"","src":"","width":0,"height":0},"classes":[]},{"id":11229,"url":"http:\/\/marburg.news\/?p=11229","url_meta":{"origin":10386,"position":3},"title":"Demn\u00e4chst divinal: Finissage mit Lesung zum Volkstrauertag","date":"16. November 2022","format":false,"excerpt":"Statt einer Veranstaltung auf dem Friedhof hat zum Volkstrauertag 2022 eine Lesung im Rathaus stattgefunden. Sie diente zugleich als Finissage der Ausstellung \"Wounded: The Legacy of War\". Seit 1952 findet in Deutschland der Volkstrauertag zwei Wochen vor dem ersten Adventssonntag statt. Der staatliche Gedenktag soll an die Opfer von Krieg\u2026","rel":"","context":"In &quot;Kultur&quot;","img":{"alt_text":"","src":"","width":0,"height":0},"classes":[]},{"id":10092,"url":"http:\/\/marburg.news\/?p=10092","url_meta":{"origin":10386,"position":4},"title":"J\u00fcdische Musik: Konzert mit Jascha Nemtsov in der Alten Aula","date":"9. Juli 2022","format":false,"excerpt":"J\u00fcdische Musik steht im Fokus eines Konzertabends mit Prof. Jascha Nemtsov in der Aula der Alten Universit\u00e4t. Der Eintritt ist frei. Zum ersten Mal seit zwei Jahren findet in der Aula der Alten Universit\u00e4t wieder eine \u00f6ffentliche Veranstaltung statt. Der Pianist und Professor f\u00fcr j\u00fcdische Musik Jascha Nemtsov gestaltet den\u2026","rel":"","context":"In &quot;Bildung&quot;","img":{"alt_text":"","src":"","width":0,"height":0},"classes":[]},{"id":1501,"url":"http:\/\/marburg.news\/?p=1501","url_meta":{"origin":10386,"position":5},"title":"Kultur 2017: Christen, Juden, Islamisten und Bildbeschreibungen f\u00fcr Blinde","date":"31. Dezember 2017","format":false,"excerpt":"2017 feierte Marburg gleich zwei Jubil\u00e4en. Seit 700 Jahren leben Juden in Marburg. Au\u00dferdem war 2017 das Reformationsjahr. Zum Reformationsjahr gab es viele unterschiedliche Veranstaltungen. Theaterst\u00fccke und Lesungen befassten sich mit dem Reformator Martin Luther. Ein buntes Programm erinnerte an Luthers Thesenanschlag am 31. Oktober 1517 in Wittenberg . Auch\u2026","rel":"","context":"In &quot;Kultur&quot;","img":{"alt_text":"","src":"","width":0,"height":0},"classes":[]}],"_links":{"self":[{"href":"http:\/\/marburg.news\/index.php?rest_route=\/wp\/v2\/posts\/10386"}],"collection":[{"href":"http:\/\/marburg.news\/index.php?rest_route=\/wp\/v2\/posts"}],"about":[{"href":"http:\/\/marburg.news\/index.php?rest_route=\/wp\/v2\/types\/post"}],"author":[{"embeddable":true,"href":"http:\/\/marburg.news\/index.php?rest_route=\/wp\/v2\/users\/2"}],"replies":[{"embeddable":true,"href":"http:\/\/marburg.news\/index.php?rest_route=%2Fwp%2Fv2%2Fcomments&post=10386"}],"version-history":[{"count":0,"href":"http:\/\/marburg.news\/index.php?rest_route=\/wp\/v2\/posts\/10386\/revisions"}],"wp:attachment":[{"href":"http:\/\/marburg.news\/index.php?rest_route=%2Fwp%2Fv2%2Fmedia&parent=10386"}],"wp:term":[{"taxonomy":"category","embeddable":true,"href":"http:\/\/marburg.news\/index.php?rest_route=%2Fwp%2Fv2%2Fcategories&post=10386"},{"taxonomy":"post_tag","embeddable":true,"href":"http:\/\/marburg.news\/index.php?rest_route=%2Fwp%2Fv2%2Ftags&post=10386"}],"curies":[{"name":"wp","href":"https:\/\/api.w.org\/{rel}","templated":true}]}}