{"id":10282,"date":"2022-08-02T11:24:34","date_gmt":"2022-08-02T09:24:34","guid":{"rendered":"http:\/\/marburg.news\/?p=10282"},"modified":"2022-08-02T11:24:34","modified_gmt":"2022-08-02T09:24:34","slug":"rechtzeitig-reagiert-erneuter-warnstreik-am-ukgm","status":"publish","type":"post","link":"http:\/\/marburg.news\/?p=10282","title":{"rendered":"Rechtzeitig reagiert: Erneuter Warnstreik am UKGM"},"content":{"rendered":"<p>Ein zweit\u00e4giger Warnstreik am Universit\u00e4tsklinikum Gie\u00dfen und Marburg (UKGM) hat am Dienstag (2. August) begonnen. Elisabeth Kula wird an der Streikkundgebung in Marburg am Mittwoch (3. August) teilnehmen. <!--more--><br \/>\nDas hat die Fraktion der Linken im Hessischen Landtag am Dienstagmorgen angek\u00fcndigt. Die Besch\u00e4ftigten des UKGM streiken f\u00fcr Arbeitsbedingungen und die Sicherheit von Besch\u00e4ftigten und Patienten. Die Klinikleitung hatte angesichts des steigenden Krankenstands die ungeheuerliche Entscheidung gtroffen, auch positiv getestete Corona-Infizierte im UKGM einzusetzen.<br \/>\n&#8222;Die von der einstigen CDU-Regierung unter Roland Koch betriebene Privatisierung des UKGM war ein schwerer Fehler&#8220;, stellte die Linken-Fraktionsvorsitzende nochmals klar. &#8222;Mit den <a href=\"http:\/\/marburg.news\/?p=9932\">fatalen Konsequenzen<\/a> der &#8211; einst betriebenen &#8211; absurden Privatisierungspolitik sind wir seit vielen Jahren konfrontiert. Es ist bedauerlich, dass nun die Besch\u00e4ftigten durch die Privatisierung und den mangelnden Willen von Schwarz-Gr\u00fcn, diesen Fehler zu korrigieren, zum Spielball von Rh\u00f6n und Asklepios gemacht werden.&#8220;<br \/>\nUmso wichtiger sei, &#8222;dass die Kolleginnen und Kollegen zusammenstehen, um ihre berechtigten Forderungen geschlossen nach au\u00dfen zu vertreten. Nur so k\u00f6nnen auch Forschung und Lehre angemessen stattfinden.&#8220; DIE LINKE stehe solidarisch an der Seite der &#8211; f\u00fcr gute Arbeitsbedingungen streikenden &#8211; Kolleginnen und Kollegen.<br \/>\n&#8222;Gegen den seit Jahren grassierenden Pflegenotstand helfen nur sichere und gute Arbeitsbedingungen&#8220;, erkl\u00e4rte die fr\u00fchere Marburgerin. &#8222;300.000 ehemalige Pflegekr\u00e4fte k\u00f6nnten in Deutschland zur\u00fcckgewonnen werden, wenn lange \u00fcberf\u00e4llige Verbesserungen endlich auf den Weg gebracht w\u00fcrden. Das gelingt aber nicht, wenn es in erster Linie um Gewinnmaximierung und Profit geht.&#8220;<br \/>\nGesundheit m\u00fcsse wieder ein \u00f6ffentliches Gut mit Zugang f\u00fcr alle Menschen sein und d\u00fcrfe nicht der Marktlogik unterworfen werden, forderte Kula. &#8222;denn Gesundheit ist keine Ware.&#8220;<\/p>\n<p>* pm: Die Linke im Hessischen Landtag<\/p>\n","protected":false},"excerpt":{"rendered":"<p>Ein zweit\u00e4giger Warnstreik am Universit\u00e4tsklinikum Gie\u00dfen und Marburg (UKGM) hat am Dienstag (2. August) begonnen. Elisabeth Kula wird an der Streikkundgebung in Marburg am Mittwoch (3. August) teilnehmen.<\/p>\n","protected":false},"author":2,"featured_media":0,"comment_status":"closed","ping_status":"open","sticky":false,"template":"","format":"standard","meta":{"advanced_seo_description":"","spay_email":"","jetpack_publicize_message":"","jetpack_is_tweetstorm":false,"jetpack_publicize_feature_enabled":true},"categories":[5,2,4],"tags":[2310,809,31],"jetpack_featured_media_url":"","jetpack_publicize_connections":[],"jetpack_sharing_enabled":true,"jetpack_shortlink":"https:\/\/wp.me\/p8mhvd-2FQ","jetpack-related-posts":[{"id":12078,"url":"http:\/\/marburg.news\/?p=12078","url_meta":{"origin":10282,"position":0},"title":"Unzufriedenheit mit UKGM: Schalauske solidarisiert sich mit Streik","date":"6. M\u00e4rz 2023","format":false,"excerpt":"In einen zweit\u00e4gigen Warnstreik sind Besch\u00e4ftigte am Universit\u00e4tsklinikum Gie\u00dfen und Marburg(UKGM) getreten. Die Linke solidarisiert sich mit ihnen. \"Es ist gut, dass vor dem Auftakt der Verhandlungen \u00fcber den Tarifvertrag Entlastung am 9. M\u00e4rz die Besch\u00e4ftigten des UKGM noch mal deutlich machen, dass es eine schnelle Vereinbarung f\u00fcr bessere Arbeitsbedingungen\u2026","rel":"","context":"In &quot;Politik&quot;","img":{"alt_text":"","src":"","width":0,"height":0},"classes":[]},{"id":14929,"url":"http:\/\/marburg.news\/?p=14929","url_meta":{"origin":10282,"position":1},"title":"Auf Streikkundgebung: Nicht\u00e4rztliche Besch\u00e4ftigte beim UKGM in Ausstand","date":"13. Februar 2024","format":false,"excerpt":"In Streik getreten sind die nicht\u00e4rztlichen Besch\u00e4ftigten beim Universit\u00e4tsklinikum Gie\u00dfen und Marburg (UKGM). Der dreit\u00e4gige Warnstreik begann an Dienstag (13. Februar) in Marburg. Die Vereinte Dienstleistungsgewerkschaft Verdi fordert 600 Euro mehr. Zur Untermauerung dieser Forderung traten zun\u00e4chst die nicht\u00e4rztlichen Besch\u00e4ftigten am Universit\u00e4tsklinikum auf den Marburger Lahnbergen in Streik, bevor am\u2026","rel":"","context":"In &quot;Soziales&quot;","img":{"alt_text":"","src":"","width":0,"height":0},"classes":[]},{"id":12044,"url":"http:\/\/marburg.news\/?p=12044","url_meta":{"origin":10282,"position":2},"title":"Gewagt gedealt: Vereinbarung zum UKGM zementiert Privatisierung","date":"28. Februar 2023","format":false,"excerpt":"Die Vereinbarung zum Universit\u00e4tsklinikum Gie\u00dfen und Marburg (UKGM) zementiert die Privatisierung auf weitere zehn Jahre. Das hat Jan schalauske von der Linksfraktion im Landtag bem\u00e4ngelt. Das Land Hessen, die Rh\u00f6n AG, die Asklepios Kliniken und die Universit\u00e4tsklinikum Gie\u00dfen und Marburg (UKGM) sowie die Universit\u00e4ten in Gie\u00dfen und Marburg und ihre\u2026","rel":"","context":"In &quot;Bildung&quot;","img":{"alt_text":"","src":"","width":0,"height":0},"classes":[]},{"id":9989,"url":"http:\/\/marburg.news\/?p=9989","url_meta":{"origin":10282,"position":3},"title":"Eingesackt: Fast 138.000 \u00dcberstunden im UKGM","date":"23. Juni 2022","format":false,"excerpt":"Fast 138.000 \u00dcberstunden haben die Besch\u00e4ftigten am UKGM 2021 geleistet. Sie streiken f\u00fcr Besch\u00e4ftigungssicherung und bessere Arbeitsbedingungen. Anl\u00e4sslich des Warnstreiks der Besch\u00e4ftigten des Universit\u00e4tsklinikums Gie\u00dfen-Marburg (UKGM) hat Jan Schalauske am Donnerstag (23. Juni) die Forderung nach einer R\u00fcckf\u00fchrung des Klinikums in \u00f6ffentliches Eigentum wiederholt. Der Marburger Landtagsabgeordnete ist Vorsitzender der\u2026","rel":"","context":"In &quot;Politik&quot;","img":{"alt_text":"","src":"","width":0,"height":0},"classes":[]},{"id":7416,"url":"http:\/\/marburg.news\/?p=7416","url_meta":{"origin":10282,"position":4},"title":"Zur\u00fcckholen: Linke im Kreis unterst\u00fctzt Petition zu UKGM","date":"17. Juli 2021","format":false,"excerpt":"Das UKGM soll zur\u00fcck zum Land. Der entsprechenden Petition hat sich auch die Linke im Kreis angeschlossen. DIE LINKE Marburg-Biedenkopf unterst\u00fctzt die Petition des Aktionsb\u00fcndnisses \"Gemeinsam f\u00fcr unser Klinikum an den Hessischen Landtag, das Universit\u00e4tsklinikum Gie\u00dfen und Marburg (UKGM) wieder in \u00f6ffentliches Eigentum zu \u00fcberf\u00fchren. Einstimmig stimmten die Mitglieder auf\u2026","rel":"","context":"In &quot;Politik&quot;","img":{"alt_text":"","src":"","width":0,"height":0},"classes":[]},{"id":11474,"url":"http:\/\/marburg.news\/?p=11474","url_meta":{"origin":10282,"position":5},"title":"Weitere Solidarisierung: Schalauske f\u00fcr Entlastung des Personals beim UKGM","date":"15. Dezember 2022","format":false,"excerpt":"Die Linke unterst\u00fctzt Forderungen nach einem Tarifvertrag \"Entlastung\" f\u00fcr das UKGM. Zu dem Verhandlungsangebot der Gewerkschaft ver.di und der Besch\u00e4ftigten hat sich ihr Fraktionsvorsitzender Jan Schalauske am Mittwoch (14. Dezember) ge\u00e4u\u00dfert. \"Schlechte Arbeitsbedingungen sind der Hauptgrund, warum so viele Pflegekr\u00e4fte und weiteres Personal aus den Kliniken fliehen\", erkl\u00e4rte der Marburger\u2026","rel":"","context":"In &quot;Soziales&quot;","img":{"alt_text":"","src":"","width":0,"height":0},"classes":[]}],"_links":{"self":[{"href":"http:\/\/marburg.news\/index.php?rest_route=\/wp\/v2\/posts\/10282"}],"collection":[{"href":"http:\/\/marburg.news\/index.php?rest_route=\/wp\/v2\/posts"}],"about":[{"href":"http:\/\/marburg.news\/index.php?rest_route=\/wp\/v2\/types\/post"}],"author":[{"embeddable":true,"href":"http:\/\/marburg.news\/index.php?rest_route=\/wp\/v2\/users\/2"}],"replies":[{"embeddable":true,"href":"http:\/\/marburg.news\/index.php?rest_route=%2Fwp%2Fv2%2Fcomments&post=10282"}],"version-history":[{"count":0,"href":"http:\/\/marburg.news\/index.php?rest_route=\/wp\/v2\/posts\/10282\/revisions"}],"wp:attachment":[{"href":"http:\/\/marburg.news\/index.php?rest_route=%2Fwp%2Fv2%2Fmedia&parent=10282"}],"wp:term":[{"taxonomy":"category","embeddable":true,"href":"http:\/\/marburg.news\/index.php?rest_route=%2Fwp%2Fv2%2Fcategories&post=10282"},{"taxonomy":"post_tag","embeddable":true,"href":"http:\/\/marburg.news\/index.php?rest_route=%2Fwp%2Fv2%2Ftags&post=10282"}],"curies":[{"name":"wp","href":"https:\/\/api.w.org\/{rel}","templated":true}]}}