{"id":10275,"date":"2022-08-01T11:13:07","date_gmt":"2022-08-01T09:13:07","guid":{"rendered":"http:\/\/marburg.news\/?p=10275"},"modified":"2022-08-01T11:13:07","modified_gmt":"2022-08-01T09:13:07","slug":"erneuerbare-staerken-hu-kritisiert-aktuelle-atomdebatte","status":"publish","type":"post","link":"http:\/\/marburg.news\/?p=10275","title":{"rendered":"Erneuerbare st\u00e4rken: HU kritisiert aktuelle Atomdebatte"},"content":{"rendered":"<p>Als &#8222;gef\u00e4hrliches Spiel mit dem Feuer&#8220; kritisiert die Humanistische Union (HU) die derzeitgige Atomdebatte. In unverantwortlicher Weise lenke sie von den dr\u00e4ngenden Problemen ab. <!--more--><br \/>\n&#8222;Neuerdings ge\u00e4u\u00dferte Vorschl\u00e4ge, Atomkraftwerke l\u00e4nger am Netz zu lassen, k\u00f6nnen den dringlichen Energiebedarf nicht befriedigen&#8220;, erkl\u00e4rte der Marburger HU-Regionalvorsitzende Franz-Josef Hanke. &#8222;Stattdessen schaffen solche Scheindebatten erhebliche Probleme und gef\u00e4hrden den notwendigen gesellschaftlichen Frieden. Statt derart r\u00fcckw\u00e4rtsgeewandter Forderungen sollten alle Verantwortlichen ihre Kraft in den z\u00fcgigen Ausbau erneuerbarer Energien und Einsparm\u00f6glichkeiten konzentrieren.&#8220;<br \/>\nHanke wies darauf hin, dass der Atomausstieg die Folge zweier gravierender St\u00f6rf\u00e4lle war. &#8222;Diese Gefahr ist mit dem zunehmenden Alter der Atomanlagen sogar noch weiter gestiegen&#8220;, betonte der B\u00fcrgerrechtler. &#8222;Geradezu unverantwortlich ist ein Weiterbetrieb zu Zeiten von Krieg und Terrorismus, wo Atomanlagen sowohl milit\u00e4rische Ziele wie auch ein Ziel von Anschl\u00e4gen terroristischer Gruppen werden k\u00f6nnen.&#8220;<br \/>\nDie anf\u00e4ngliche Zur\u00fcckhaltung der Bundesregierung bei Waffenlieferungen an die Ukraine sei ja vor Allem der &#8211; durchaus begr\u00fcndeten &#8211; Furcht vor einem Atomkrieg zuzuschreiben, erl\u00e4uterte Hanke. Mit einem Weiterbetrieb der drei derzeit noch laufenden Atomkraftwerke verlagere sich diese Furcht von einem m\u00f6glichen Angriff mit Atombomben auf die zus\u00e4tzliche Gefahr eines Angriffs auf &#8211; in einem Krieg unbeherrschbare &#8211; Atomanlagen.<br \/>\n&#8222;Dem gewissenlosen Aggressor Vladimir Putin ist leider alles zuzutrauen&#8220;, betonte Hanke. &#8222;Vor dem 24. Februar hatten die meisten einen Angriff der russischen Armee auf die Ukraine und einen Vormarsch auf Kiew f\u00fc unwahrscheinlich gehalten. Trotzdem hat der Kreml Gewalt als Mittel zur Machterhaltung selbst dann noch weiter vergr\u00f6\u00dfert, als Sanktionen und ein unerwartet schwieriger Verlauf der Kampfhandlungen diese Option l\u00e4ngst zu einem Debakel gemacht haben.&#8220;<br \/>\nDie Lieferung auch schwerer Waffen an die ukrainische Armee h\u00e4lt Hanke in dem fatalen moralischen Dilemma, in dem sich die Bundesregierung angesichts des v\u00f6lkerrechtswidrigen Angriffskriegs der russischen Regierung auf die Ukraine befindet, f\u00fcr eine menschenrechtskonforme Antwort auf die Aggression. Auf Dauer sollte man seiner Auffassung nach aber auch bedenken, dass jeder Krieg nur mit diplomatischen Verhandlungen beendet werden kann. &#8222;Auch wenn Putin derzeit nicht verhandlungsbereit und wohl auch nicht verhandlungsf\u00e4hig ist, haben die Warnungen vor einem Abrutschen Europas in einen fl\u00e4chendeckenden Krieg und vor einer st\u00e4ndigen Steigerung der Gewaltspirale durchaus ihre Berechtigung&#8220;, mahnte Hanke.<br \/>\nDie aktuelle Aufgabe der Humanistischen Union sieht der Vorsitzende der HU Marburg im Einsatz f\u00fcr gefl\u00fcchtete Menschen nicht nur aus der Ukraine: &#8222;\u00dcberall, wo Menschen vor Krieg und Hunger oder Gewalt fliehen, herrschen die gleichen N\u00f6te, die von uns derzeit auch eine gleichwertige Antwort verlangen&#8220;, betonte Hanke. &#8222;Darum setzen wir uns auch f\u00fcr die Aufnahme russischer Oppositioneller in Marburg ein.&#8220;<\/p>\n<p>* pm: Humanistische Union Marburg<\/p>\n","protected":false},"excerpt":{"rendered":"<p>Als &#8222;gef\u00e4hrliches Spiel mit dem Feuer&#8220; kritisiert die Humanistische Union (HU) die derzeitgige Atomdebatte. In unverantwortlicher Weise lenke sie von den dr\u00e4ngenden Problemen ab.<\/p>\n","protected":false},"author":2,"featured_media":0,"comment_status":"closed","ping_status":"open","sticky":false,"template":"","format":"standard","meta":{"advanced_seo_description":"","spay_email":"","jetpack_publicize_message":"","jetpack_is_tweetstorm":false,"jetpack_publicize_feature_enabled":true},"categories":[2],"tags":[4268,701,3843],"jetpack_featured_media_url":"","jetpack_publicize_connections":[],"jetpack_sharing_enabled":true,"jetpack_shortlink":"https:\/\/wp.me\/p8mhvd-2FJ","jetpack-related-posts":[{"id":1426,"url":"http:\/\/marburg.news\/?p=1426","url_meta":{"origin":10275,"position":0},"title":"Marburger f\u00fcr Hessen: Bertrams und Hanke im dreik\u00f6pfigen HU-Landesvorstand","date":"11. Dezember 2017","format":false,"excerpt":"Zum Landessprecher der Humanistischen Union Hessen wurde der Marburger Journalist Jens Bertrams gew\u00e4hlt. Als Stellvertreter werden Franz-Josef Hanke aus marburg und Stefan H\u00fcgel aus Frankfurt ihn unterst\u00fctzen. Alle drei wurden bei der Mitgliederversammlung der HU Hessen am Sonntag (10. Dezember) in Marburg einstimmig ohne Gegenstimmen gew\u00e4hlt. Der neue Landessprecher bedankte\u2026","rel":"","context":"In &quot;Politik&quot;","img":{"alt_text":"","src":"","width":0,"height":0},"classes":[]},{"id":11191,"url":"http:\/\/marburg.news\/?p=11191","url_meta":{"origin":10275,"position":1},"title":"Infektionsschutzgesetz: HU kritisiert Regelung zu Triage","date":"11. November 2022","format":false,"excerpt":"Als \"unwirksames Plazebo\" bezeichnet der Marburger HU-Regionalvorsitzende Franz-Josef Hanke das neue \"Triage-Gesetz\". Durch die - am Donnerstag (10. November) im Deutschen Bundestag verabschiedete - Regelung werden Menschen mit Behinderungen strukturell benachteiligt. Den Schutz behinderter Menschen vor Benachteiligung im Fall einer Triage hatte das Bundesverfassungsgericht (BVerfG) im Dezember 2021 verlangt. Das\u2026","rel":"","context":"In &quot;Politik&quot;","img":{"alt_text":"","src":"","width":0,"height":0},"classes":[]},{"id":2892,"url":"http:\/\/marburg.news\/?p=2892","url_meta":{"origin":10275,"position":2},"title":"HU in Marburg: Menschenrechte sind unteilbar und unverzichtbar","date":"7. Dezember 2018","format":false,"excerpt":"Menschenrechte sind unteilbar. Das bekr\u00e4ftigt die Humanistische Union (HU) zum Internationalen Tag der Menschenrechte am 10. Dezember. Am 10. Dezember 1948 wurde die Allgemeine Erkl\u00e4rung der Menschenrechte von der Generalversammlung der Vereinten Nationen (UN) im Palais de Chaillot in Paris verk\u00fcndet. F\u00fcr die HU Marburg ist der Jahrestag ihrer Verk\u00fcndung\u2026","rel":"","context":"In &quot;Politik&quot;","img":{"alt_text":"","src":"","width":0,"height":0},"classes":[]},{"id":16256,"url":"http:\/\/marburg.news\/?p=16256","url_meta":{"origin":10275,"position":3},"title":"Schaurig und traurig: HU kritisiert Abschiebewettbewerb","date":"5. September 2024","format":false,"excerpt":"\"Es ist 5 vor 33\", warnt auch die Humanistische Union (HU). Die vielzitierte \"Brandmauer\" m\u00fcsste in erster Linie ein Schutzwall gegen menschenfeindliche und undemokratische Positionen sein. Stattdessen beobachtet die HU Marburg nach den Landtagswahlen in Th\u00fcringen und Sachsen eine zunehmend erbittert gef\u00fchrte Debatte \u00fcber \"mehr Abschiebungen\" und eine \"Versch\u00e4rfung der\u2026","rel":"","context":"In &quot;Politik&quot;","img":{"alt_text":"","src":"","width":0,"height":0},"classes":[]},{"id":12999,"url":"http:\/\/marburg.news\/?p=12999","url_meta":{"origin":10275,"position":4},"title":"Huschen und vertuschen: HU kritisiert undemokratische Eile bei Gesetzes\u00e4nderung","date":"23. Juni 2023","format":false,"excerpt":"In einem Offenen Brief wendet sich die Humanistische Union (HU) an den Hessischen Landtag. Darin kritisiert sie das Schnellverfahren zur Ab\u00e4nderung des HSOG. am Donnerstag (29. Juni) sollen die Abgeordneten des Hessischen Landtages, \u00fcber den \u00c4nderungsantrag der Fraktionen CDU und B\u00fcndnis 90\/Die Gr\u00fcnen zum Entwurf f\u00fcr ein Gesetz zur \u00c4nderung\u2026","rel":"","context":"In &quot;Politik&quot;","img":{"alt_text":"","src":"","width":0,"height":0},"classes":[]},{"id":16346,"url":"http:\/\/marburg.news\/?p=16346","url_meta":{"origin":10275,"position":5},"title":"Unannehmbar: Marburger erneut erfolgreich vor Verfassungsgericht","date":"17. September 2024","format":false,"excerpt":"Einen erneuten Sieg vor dem Bundesverfassungsgericht (BVerfG) kann die Humanistische Union (HU) vermelden. Mit seiner - am 17. September 2024 ver\u00f6ffentlichten - Entscheidung hat das Karlsruher Gericht das Hessische Verfassungsschutzgesetz f\u00fcr teilweise verfassungswidrig erkl\u00e4rt. In seiner Entscheidung hat das h\u00f6chste deutsche Gericht festgestellt, dass mehrere - im Hessischen Verfassungsschutzgesetz (HVSG)\u2026","rel":"","context":"In &quot;Politik&quot;","img":{"alt_text":"HU","src":"https:\/\/i0.wp.com\/marburg.news\/wp-content\/uploads\/2024\/09\/IMG_0937.jpg?fit=1200%2C900&resize=350%2C200","width":350,"height":200},"classes":[]}],"_links":{"self":[{"href":"http:\/\/marburg.news\/index.php?rest_route=\/wp\/v2\/posts\/10275"}],"collection":[{"href":"http:\/\/marburg.news\/index.php?rest_route=\/wp\/v2\/posts"}],"about":[{"href":"http:\/\/marburg.news\/index.php?rest_route=\/wp\/v2\/types\/post"}],"author":[{"embeddable":true,"href":"http:\/\/marburg.news\/index.php?rest_route=\/wp\/v2\/users\/2"}],"replies":[{"embeddable":true,"href":"http:\/\/marburg.news\/index.php?rest_route=%2Fwp%2Fv2%2Fcomments&post=10275"}],"version-history":[{"count":0,"href":"http:\/\/marburg.news\/index.php?rest_route=\/wp\/v2\/posts\/10275\/revisions"}],"wp:attachment":[{"href":"http:\/\/marburg.news\/index.php?rest_route=%2Fwp%2Fv2%2Fmedia&parent=10275"}],"wp:term":[{"taxonomy":"category","embeddable":true,"href":"http:\/\/marburg.news\/index.php?rest_route=%2Fwp%2Fv2%2Fcategories&post=10275"},{"taxonomy":"post_tag","embeddable":true,"href":"http:\/\/marburg.news\/index.php?rest_route=%2Fwp%2Fv2%2Ftags&post=10275"}],"curies":[{"name":"wp","href":"https:\/\/api.w.org\/{rel}","templated":true}]}}