{"id":10258,"date":"2022-07-30T11:11:06","date_gmt":"2022-07-30T09:11:06","guid":{"rendered":"http:\/\/marburg.news\/?p=10258"},"modified":"2022-07-30T11:11:06","modified_gmt":"2022-07-30T09:11:06","slug":"im-wald-kreis-gibt-tipps-zum-naturerlebnis","status":"publish","type":"post","link":"http:\/\/marburg.news\/?p=10258","title":{"rendered":"Im Wald: Kreis gibt Tipps zum Naturerlebnis"},"content":{"rendered":"<p>Seine Freizeit sollte man in Einklang mit der Natur genie\u00dfen. Darum gibt der Kreis Hinweise zum Verhalten in Wald und Flur. <!--more--><br \/>\nBei warmen Temperaturen und Sonnenschein verlassen viele Menschen in den Sommerferien die eigenen vier W\u00e4nde und erkunden die Natur. Dennoch muss gerade in sensiblen Schutzgebieten einiges beachtet werden. Die Untere Naturschutzbeh\u00f6rde des Landkreises Marburg-Biedenkopf informiert \u00fcber die M\u00f6glichkeiten, sich in der Natur zu erholen, ohne sie zu beintr\u00e4chtigen.<br \/>\nViele Wanderwege pr\u00e4sentieren die Besonderheiten des Kreises. Diese ausgewiesenen Rundwege und Routen zeichnen sich durch unterschiedliche Schwierigkeitsgrade und Beschaffenheiten aus. Sowohl kinderwagentaugliche, befestigte Strecken als auch Waldpfade k\u00f6nnen Wandernde ausw\u00e4hlen.<br \/>\nWeitere Vorteile dieser offiziellen Wege bestehen in ihrer Beschilderung sowie Rastm\u00f6glichkeiten. Deswegen sollten Menschen bei ihren spazierg\u00e4ngen nur ausgewiesene Wanderwege nutzen.<br \/>\nIn der Natur k\u00f6nnen Interessierte viele bunte Pflanzen entdecken. Von Zeit zu Zeit kreuzen auch Eidechsen, Kr\u00f6ten, M\u00e4use und \u00c4hnliches die Wege der Wandernden. Damit die Pflanzen und Lebewesen erhalten bleiben, sollten sie unversehrt in der Natur gelassen werden.<br \/>\nSo k\u00f6nnen sich Wanderinnen und Wanderer auch auf ein Wiedersehen bei einem weiteren Spaziergang freuen. Handy-Apps sind sogar in der Lage, eine schnelle Information \u00fcber die Pflanzen zu liefern, die fotografiert wurden. Hunde sollten an der Leine gef\u00fchrt werden.<br \/>\nAusgewiesene Badeseen sorgen gerade in den hei\u00dfen Sommermonaten f\u00fcr eine willkommene Abk\u00fchlung. Die Wasserqualit\u00e4t der Gew\u00e4sser, in denen das Baden offiziell erlaubt ist, wird regelm\u00e4\u00dfig kontrolliert. Zudem werden keine laichenden Amphibien oder f\u00fcr Zwecke des Naturschutzes ausgesetzte Krebse beeintr\u00e4chtigt.<br \/>\nIdeale M\u00f6glichkeiten zum Grillen bieten ausgewiesene Grillpl\u00e4tze, die h\u00e4ufig etwas au\u00dferhalb der Ortschaften zu finden sind. Nutzerinnen und Nutzer ben\u00f6tigen zum einen keinen eigenen (Einweg-)Grill, zum anderen sind in der Regel Abfallbeh\u00e4lter vor Ort. Auch die Gefahr eines Waldbrands ist geringer.<\/p>\n<p>* pm: Landkreis Marburg-Biedenkopf<\/p>\n","protected":false},"excerpt":{"rendered":"<p>Seine Freizeit sollte man in Einklang mit der Natur genie\u00dfen. Darum gibt der Kreis Hinweise zum Verhalten in Wald und Flur.<\/p>\n","protected":false},"author":2,"featured_media":0,"comment_status":"closed","ping_status":"open","sticky":false,"template":"","format":"standard","meta":{"advanced_seo_description":"","spay_email":"","jetpack_publicize_message":"","jetpack_is_tweetstorm":false,"jetpack_publicize_feature_enabled":true},"categories":[4],"tags":[4265,1769,231],"jetpack_featured_media_url":"","jetpack_publicize_connections":[],"jetpack_sharing_enabled":true,"jetpack_shortlink":"https:\/\/wp.me\/p8mhvd-2Fs","jetpack-related-posts":[{"id":15932,"url":"http:\/\/marburg.news\/?p=15932","url_meta":{"origin":10258,"position":0},"title":"Ihr alle: Den Wald als Kirche erleben","date":"4. Juli 2024","format":false,"excerpt":"\"Waldbaden\" ist ein Begriff f\u00fcr die Kraft der Natur als Heilmittel auf psychologischer und k\u00f6rperlicher Ebene. Auch spirituell l\u00e4sst sich das erleben. Micha Wischnewski, der die spannende Kombination \"Pfarrer und Wildnisp\u00e4dagoge\" als Jobbezeichnung tr\u00e4gt, l\u00e4dt f\u00fcr das Wochenende Samstag (13. Juli) und Sonntag (14. Juli) zu einem Seminar unter dem\u2026","rel":"","context":"In &quot;Soziales&quot;","img":{"alt_text":"","src":"","width":0,"height":0},"classes":[]},{"id":10491,"url":"http:\/\/marburg.news\/?p=10491","url_meta":{"origin":10258,"position":1},"title":"Im Wald: Kinder k\u00f6nnen Umwelt spielerisch entdecken","date":"30. August 2022","format":false,"excerpt":"Ein neues Betreuungs- und Ganztagsangebot gibt es jetzt in Marburg. Dabei werden Grundschulkinder zu \"Wald-Entdeckern\". Natur und Umwelt spielerisch entdecken k\u00f6nnen die Kinder der Grundschulen Marbach, der Erich-K\u00e4stner-Schule und der Waldschule Wehrda. Ab dem kommenden Schuljahr erweitern diese Schulen ihr Betreuungs- und Ganztagsangebot durch die \"Wald-Entdecker\". \"Naturnahes Spielen und Forschen\u2026","rel":"","context":"In &quot;Bildung&quot;","img":{"alt_text":"","src":"","width":0,"height":0},"classes":[]},{"id":13512,"url":"http:\/\/marburg.news\/?p=13512","url_meta":{"origin":10258,"position":2},"title":"Spa\u00df im Stadtwald: Ferienspiele erstmals eine Woche l\u00e4nger","date":"4. August 2023","format":false,"excerpt":"Die Ferienspiele im Stadtwald dauerten erstmals f\u00fcnf Wochen lang. Marburger Kinder k\u00f6nnen dabei naturnahe Ferien erleben. Auf dem Feriengel\u00e4nde im Stadtwald finden in den Sommerferien wieder die Marburger Ferienspiele statt. Das Betreuungsangebot der Jugendf\u00f6rderung der Stadt Marburg bietet Platz f\u00fcr bis zu 512 Kinder und setzt in diesem Jahr einen\u2026","rel":"","context":"In &quot;Soziales&quot;","img":{"alt_text":"","src":"","width":0,"height":0},"classes":[]},{"id":10885,"url":"http:\/\/marburg.news\/?p=10885","url_meta":{"origin":10258,"position":3},"title":"Herannahender Herbst: Kreis gibt Tipps f\u00fcr Umgang mit Natur","date":"14. Oktober 2022","format":false,"excerpt":"Der Kreis gibt Tipps f\u00fcr die Natur im Herbst. Sie sollen Lebewesen in der k\u00e4lteren Jahreszeit sch\u00fctzen. Wie jedes Jahr verabschiedet sich der Sommer, um dem Herbst mit seinen bunten Farben Platz zu machen. Die Untere Naturschutzbeh\u00f6rde des Landkreises gibt Tipps, wie Menschen - unabh\u00e4ngig von ihrer Wohnsituation - diese\u2026","rel":"","context":"In &quot;Soziales&quot;","img":{"alt_text":"","src":"","width":0,"height":0},"classes":[]},{"id":17081,"url":"http:\/\/marburg.news\/?p=17081","url_meta":{"origin":10258,"position":4},"title":"Gut mit Wald: Grundschulkinder pflanzen 40 B\u00e4ume","date":"4. Dezember 2024","format":false,"excerpt":"F\u00fcr eine Grundschulklasse aus Marbach wird der Wald zum neuen Lernort. Gemeinsam pflanzten die kleinen Waldentdecker*innen dort 40 Bergahorn-B\u00e4ume. Was ist der Treibhauseffekt? Wieso binden B\u00e4ume CO2? Und was ist eigentlich Humus? Antworten auf diese und viele weitere Fragen hatten die \u201eWaldentdecker*innen\u201c der Klasse 4b der Grundschule Marbach w\u00e4hrend einer\u2026","rel":"","context":"In &quot;Bildung&quot;","img":{"alt_text":"","src":"","width":0,"height":0},"classes":[]},{"id":15208,"url":"http:\/\/marburg.news\/?p=15208","url_meta":{"origin":10258,"position":5},"title":"Heiliger Grund: Natur erleben bei vielf\u00e4ltiger Veranstaltungsreihe","date":"14. M\u00e4rz 2024","format":false,"excerpt":"Von Assel bis Feuersalamander k\u00f6nnen Interessierte die Natur erleben im Heiligen Grund. Eine umfangreiche Veranstaltungsreihe dazu startet am Dienstag (19. M\u00e4rz). Der Verein \"NatUrgrund\", der NABU und die Universit\u00e4tsstadt Marburg laden gemeinsam zur bereits dritten Naturerfahrungsreihe im Heiligen Grund in Marburg-Ockershausen ein. Von Fledermausexkursion \u00fcber Pflanzentauschb\u00f6rse und Kr\u00e4uter sammeln bis\u2026","rel":"","context":"In &quot;Bildung&quot;","img":{"alt_text":"","src":"","width":0,"height":0},"classes":[]}],"_links":{"self":[{"href":"http:\/\/marburg.news\/index.php?rest_route=\/wp\/v2\/posts\/10258"}],"collection":[{"href":"http:\/\/marburg.news\/index.php?rest_route=\/wp\/v2\/posts"}],"about":[{"href":"http:\/\/marburg.news\/index.php?rest_route=\/wp\/v2\/types\/post"}],"author":[{"embeddable":true,"href":"http:\/\/marburg.news\/index.php?rest_route=\/wp\/v2\/users\/2"}],"replies":[{"embeddable":true,"href":"http:\/\/marburg.news\/index.php?rest_route=%2Fwp%2Fv2%2Fcomments&post=10258"}],"version-history":[{"count":0,"href":"http:\/\/marburg.news\/index.php?rest_route=\/wp\/v2\/posts\/10258\/revisions"}],"wp:attachment":[{"href":"http:\/\/marburg.news\/index.php?rest_route=%2Fwp%2Fv2%2Fmedia&parent=10258"}],"wp:term":[{"taxonomy":"category","embeddable":true,"href":"http:\/\/marburg.news\/index.php?rest_route=%2Fwp%2Fv2%2Fcategories&post=10258"},{"taxonomy":"post_tag","embeddable":true,"href":"http:\/\/marburg.news\/index.php?rest_route=%2Fwp%2Fv2%2Ftags&post=10258"}],"curies":[{"name":"wp","href":"https:\/\/api.w.org\/{rel}","templated":true}]}}