{"id":10189,"date":"2022-07-22T10:43:57","date_gmt":"2022-07-22T08:43:57","guid":{"rendered":"http:\/\/marburg.news\/?p=10189"},"modified":"2022-07-22T10:43:57","modified_gmt":"2022-07-22T08:43:57","slug":"die-kogge-das-elend-der-sozialdemokratie-ersaeufen","status":"publish","type":"post","link":"http:\/\/marburg.news\/?p=10189","title":{"rendered":"Die Kogge: Das Elend der Sozialdemokratie ers\u00e4ufen"},"content":{"rendered":"<p>Einige Jahre lang geh\u00f6rte &#8222;Die Kogge&#8220; zu meinen Stammlokalen. Sie befand sich an der Frankfurter Stra\u00dfe im S\u00fcdviertel.<br \/>\n<!--more--><br \/>\nIn dem Geb\u00e4ude Frankfurter Stra\u00dfe 14a befindet sich heute die Pasta-Manufaktur &#8222;Nero&#8220;. W\u00e4hrend sie ein ruhiges Speiselokal ist, war &#8222;Die Kogge&#8220; eine Kneipe mit kleiner Speisekarte. Dort trafen sich neben Studentinnen und Studenten auch die Intellektuellen aus dem S\u00fcdviertel. War das <a href=\"http:\/\/marburg.news\/?p=10178\">&#8222;Quodlibet&#8220; einige Meter stadteinw\u00e4rts<\/a> auf der gegen\u00fcberliegenden Stra\u00dfenseite das Stammlokal der &#8222;Marxistischen Gruppe&#8220; (MG) und der <a href=\"http:\/\/marburg.news\/?p=10157\">&#8222;schwarze &#8222;Walfisch&#8220; am<br \/>\nRudolphsplatz<\/a> die Stammkneipe der DKP und ihres Umfelds, so galt &#8222;Die Kogge&#8220; als SPD-Kneipe. Allerdings trafen sich in der &#8222;Kogge&#8220; eher die SPD-Linken und Jusos, w\u00e4hrend die Altvorderen der Marburger SPD Ende der 70er und Anfang der 80er ein St\u00fcck weiter stadtausw\u00e4rts in der &#8222;Linde&#8220; auf der anderen Stra\u00dfenseite speisten. Au\u00dferdem war &#8222;Die Kogge&#8220; nicht so eindeutig von Sozialdemokraten dominiert wie der &#8222;Wal&#8220; von Anh\u00e4ngerinnen und Anh\u00e4ngern des &#8222;real existirenden Sozialismus&#8220;.<br \/>\nIn der &#8222;Kogge&#8220; waren die Diskussionen darum auch undogmatischer und offener. Das Bier floss hier aber genauso in Str\u00f6men wie in den anderen Stammkneipen der politischen Parteien und Gruppen. Weltschmerz gab es auch hier zur Gen\u00fcge, den viele mit reichlich Bier zu bet\u00e4uben versuchten. Der Gastraum war rustikal. Holzb\u00e4nke standen an den W\u00e4nden. Gegen\u00fcber standen Holzst\u00fchle an den Tischen, wie sie auch im <a href=\"http:\/\/marburg.news\/?p=10145\">&#8222;Anker&#8220; am Steinweg<\/a> und dem &#8222;Wal&#8220; sowie etlichen anderen Kneipen zu finden waren.<br \/>\nEbenso wie in vielen dieser Kneipen war der Fu\u00dfboden auch in der &#8222;Kogge&#8220; aus Stein. F\u00fcr die Reinigung ist das \u00fcberaus praktisch in Lokalen, die ihren gr\u00f6\u00dften Umsatz mit alkoholischen Getr\u00e4nken erzielen. Die meisten Marburger &#8222;Linken&#8220; liebten damals hei\u00dfe Diskussionen und k\u00fchles Bier.<br \/>\nWann immer ich abends in die &#8222;Kogge&#8220; kam, konnte ich damit rechnen, dort den sozialdemokratischen Stadtverordneten Wolf Steinmeier anzutreffen. H\u00e4ufig begegnete ich ihm und seiner Kritik an der politischen Linie des damaligen Bundeskanzlers Helmut Schmidt, aber nat\u00fcrlich nicht immer. Sicherlich war ich weitaus seltener in der &#8222;Kogge&#8220; als Rechtsanwalt Steinmeier. Eines Abends im Jahr 1982 setzte sich ein Unbekannter zu mir an den Tisch. Er gab sich als Rechtsanwalt aus und nannte einen Namen, den ich auch schon einmal geh\u00f6rt hatte. Er stellte Fragen zur Hausbesetzerszene, die ich jedoch nicht beantworten konnte oder wollte.<br \/>\nAls er gegangen war, fragte mich jemand, was &#8222;der Zivilbulle&#8220; denn von mir gewollt habe. Da wurde mir klar, warum der Unbekannte mit der Sonnenbrille mich so lange ausgefragt hatte. Allzuviel Erfolg hatte er dabei freilich nicht. Viele Jahrzehnte lang hat &#8222;Die Kogge&#8220; an der Frankfurter Stra\u00dfe sich regen Zuspruchs erfreut. 1987 turtelte ich dort mit einer lieben Kollegin, die aber nur f\u00fcr kurze Zeit meine Freundin wurde. Viele sch\u00f6ne und besondere Erinnerungen sind mit der &#8222;Kogge&#8220; verkn\u00fcpft, weshalb sie f\u00fcr mich zu den <a href=\"http:\/\/lokale.marburgviews.de\">legend\u00e4ren Lokalen in Marburg<\/a> geh\u00f6rt.<\/p>\n<p>* Franz-Josef Hanke<\/p>\n","protected":false},"excerpt":{"rendered":"<p>Einige Jahre lang geh\u00f6rte &#8222;Die Kogge&#8220; zu meinen Stammlokalen. Sie befand sich an der Frankfurter Stra\u00dfe im S\u00fcdviertel.<\/p>\n","protected":false},"author":2,"featured_media":0,"comment_status":"closed","ping_status":"open","sticky":false,"template":"","format":"standard","meta":{"advanced_seo_description":"","spay_email":"","jetpack_publicize_message":"","jetpack_is_tweetstorm":false,"jetpack_publicize_feature_enabled":true},"categories":[3,2],"tags":[1863,4235,166],"jetpack_featured_media_url":"","jetpack_publicize_connections":[],"jetpack_sharing_enabled":true,"jetpack_shortlink":"https:\/\/wp.me\/p8mhvd-2El","jetpack-related-posts":[{"id":10178,"url":"http:\/\/marburg.news\/?p=10178","url_meta":{"origin":10189,"position":0},"title":"Als Einziger: Quengeln und quatschen im Quod","date":"21. Juli 2022","format":false,"excerpt":"Anfang der 80er Jahre er\u00f6ffnete im S\u00fcdviertel das \"Quodlibet\". Alle nannten diese Kneipe nur \"Quod\". Zun\u00e4chst befand sich das \"Quod\" im Eckhaus bei der Einm\u00fcndung der Gutenbergstra\u00dfe in die Frankfurter Stra\u00dfe. Sp\u00e4ter zog es 100 Meter weiter stadteinw\u00e4rts und er\u00f6ffnete einen Biergarten an der J\u00e4gerstra\u00dfe. Damit ist die Kneipe \"Am\u2026","rel":"","context":"In &quot;Kultur&quot;","img":{"alt_text":"","src":"","width":0,"height":0},"classes":[]},{"id":10144,"url":"http:\/\/marburg.news\/?p=10144","url_meta":{"origin":10189,"position":1},"title":"Das &#8222;Frustica&#8220;: Eine einstige Marburger Kneipe mit Musikprogramm","date":"17. Juli 2022","format":false,"excerpt":"Meinen ersten Abend in Marburg habe ich bis heute nicht vergessen. Damals ging ich mit meinen neuen Nachbarn ins \"Frustica\". Es war der letzte Ttag der hessischen Sommerferien im Jahr 1977. Ein Bekannter meines Vaters brachte ihn und mich mit dem Auto nach Marburg. Gemeinsam gingen wir in das Haus\u2026","rel":"","context":"In &quot;Kultur&quot;","img":{"alt_text":"","src":"","width":0,"height":0},"classes":[]},{"id":10168,"url":"http:\/\/marburg.news\/?p=10168","url_meta":{"origin":10189,"position":2},"title":"In den Alt-Keller: Der &#8222;Lumpensamler&#8220; der Marburger Kneipen","date":"20. Juli 2022","format":false,"excerpt":"Vor 40 Jahren gab es in Marburg nur zwei Kneipen mit Nachtkonzession. Eine davon war der \"Alt-Keller\". Der \"Alt-Keller\" befand sich direkt an der Kreuzung vor der Elisabethkirche. In diesem Haus residiert heute der \"Elisabeth-Braukeller\". Zwischendurch trug die Kneipe auch einmal den Namen \"Alt-Berlin\". Mit dem einstigen \"Alt-Keller\" ist der\u2026","rel":"","context":"In &quot;Kultur&quot;","img":{"alt_text":"","src":"","width":0,"height":0},"classes":[]},{"id":14435,"url":"http:\/\/marburg.news\/?p=14435","url_meta":{"origin":10189,"position":3},"title":"Parteitag in Moischt: Marburger SPD diskutierte Landes- und Kommunalpolitik","date":"22. November 2023","format":false,"excerpt":"\"Das Leben St\u00fcck f\u00fcr St\u00fcck besser machen\" m\u00f6chte die 'SPD Marburg. Ihr Parteitag legte den Fokus auf soziale Teilhabe und Mobilit\u00e4t f\u00fcr Alle. Das Verkehrskonzept \"MoVe 35\", ein Sozialzentrum zur B\u00fcndelung von Leistungen und Angeboten f\u00fcr bed\u00fcrftige Menschen, die Versorgung \u00e4ltererMarburgerinnen und Marburger, die anstehende Koalition in Wiesbaden sowie der\u2026","rel":"","context":"In &quot;Politik&quot;","img":{"alt_text":"","src":"","width":0,"height":0},"classes":[]},{"id":4265,"url":"http:\/\/marburg.news\/?p=4265","url_meta":{"origin":10189,"position":4},"title":"Alles unredlich: Linke wehrt sich gegen &#8222;Verleumdung&#8220; in stVV","date":"1. Oktober 2019","format":false,"excerpt":"Verleumdet f\u00fchlt sich die Marburger Linke durch CDU und BfM. Ein gemeinsamer Antrag der beiden Fraktionen habe die Linke in die N\u00e4he von Rechtsradikalen ger\u00fcckt. \"Es ist ein Skandal, dass die CDU-Stadtverordneten Dirk Bamberger und Matthias Range den Widerstand der Marburger Linken gegen den Aff\u00f6ller-Verkauf in die N\u00e4he von Nazi-Methoden\u2026","rel":"","context":"In &quot;Politik&quot;","img":{"alt_text":"","src":"","width":0,"height":0},"classes":[]},{"id":14111,"url":"http:\/\/marburg.news\/?p=14111","url_meta":{"origin":10189,"position":5},"title":"S\u00fcdviertel: Vollsperrung mehrerer Stra\u00dfen im November","date":"19. Oktober 2023","format":false,"excerpt":"Eine Vollsperrung von Friedrichstra\u00dfe, Haspelstra\u00dfe und Stresemannstra\u00dfe vom 2. November bis zum 1. Dezember hat die Stadt angek\u00fcndigt. Grund ist die Erneuerung der Wasserleitung im S\u00fcdviertel. Im Zuge der Erneuerung der Wasserleitung im Bereich des S\u00fcdviertels kommt es in der Zeit von Donnerstag (2. November) bisn Freitag (1. Dezember) zu\u2026","rel":"","context":"In &quot;Sonstiges&quot;","img":{"alt_text":"","src":"","width":0,"height":0},"classes":[]}],"_links":{"self":[{"href":"http:\/\/marburg.news\/index.php?rest_route=\/wp\/v2\/posts\/10189"}],"collection":[{"href":"http:\/\/marburg.news\/index.php?rest_route=\/wp\/v2\/posts"}],"about":[{"href":"http:\/\/marburg.news\/index.php?rest_route=\/wp\/v2\/types\/post"}],"author":[{"embeddable":true,"href":"http:\/\/marburg.news\/index.php?rest_route=\/wp\/v2\/users\/2"}],"replies":[{"embeddable":true,"href":"http:\/\/marburg.news\/index.php?rest_route=%2Fwp%2Fv2%2Fcomments&post=10189"}],"version-history":[{"count":0,"href":"http:\/\/marburg.news\/index.php?rest_route=\/wp\/v2\/posts\/10189\/revisions"}],"wp:attachment":[{"href":"http:\/\/marburg.news\/index.php?rest_route=%2Fwp%2Fv2%2Fmedia&parent=10189"}],"wp:term":[{"taxonomy":"category","embeddable":true,"href":"http:\/\/marburg.news\/index.php?rest_route=%2Fwp%2Fv2%2Fcategories&post=10189"},{"taxonomy":"post_tag","embeddable":true,"href":"http:\/\/marburg.news\/index.php?rest_route=%2Fwp%2Fv2%2Ftags&post=10189"}],"curies":[{"name":"wp","href":"https:\/\/api.w.org\/{rel}","templated":true}]}}