{"id":10167,"date":"2022-07-20T08:42:17","date_gmt":"2022-07-20T06:42:17","guid":{"rendered":"http:\/\/marburg.news\/?p=10167"},"modified":"2022-07-20T08:42:17","modified_gmt":"2022-07-20T06:42:17","slug":"in-der-reitgasse-kripo-sucht-zeugen-von-einbruch","status":"publish","type":"post","link":"http:\/\/marburg.news\/?p=10167","title":{"rendered":"In der Reitgasse: Kripo sucht Zeugen von Einbruch"},"content":{"rendered":"<p>Nach Einbr\u00fcchen in zwei Gastst\u00e4tten an der Reitgasse sucht die Kripo aufgrund erster Ermittlungsergebnisse wichtige Zeugen. Speziell geht es dabei um den Einbruch, bei dem wohl zwei T\u00e4ter am Tatort Alkohol konsumierten und schlie\u00dflich mit weiteren Flaschen fl\u00fcchteten. <!--more--><br \/>\nDieser <a href=\"http:\/\/marburg.news\/?p=10149\">Einbruch erfolgte am Sonntag (17. Juli)<\/a> offenbar zwischen 4.45 und 5.30 Uhr. Nach den neuen Kenntnissen befanden sich w\u00e4hrend des Einbruchs mehrere Personen auf der Stra\u00dfe vor dem Tatort. Offenbar gab es dort eine Kommunikation zwischen diesen gesuchten Zeugen und einem der mutma\u00dflichen T\u00e4ter am Fenster im ersten Stock des Hauses. Die Personen vor dem Haus sind wichtige Zeugen und werden daher gebeten, sich zu melden.<\/p>\n<p>* pm: Polizei Marburg<\/p>\n","protected":false},"excerpt":{"rendered":"<p>Nach Einbr\u00fcchen in zwei Gastst\u00e4tten an der Reitgasse sucht die Kripo aufgrund erster Ermittlungsergebnisse wichtige Zeugen. Speziell geht es dabei um den Einbruch, bei dem wohl zwei T\u00e4ter am Tatort Alkohol konsumierten und schlie\u00dflich mit weiteren Flaschen fl\u00fcchteten.<\/p>\n","protected":false},"author":2,"featured_media":0,"comment_status":"closed","ping_status":"open","sticky":false,"template":"","format":"standard","meta":{"advanced_seo_description":"","spay_email":"","jetpack_publicize_message":"","jetpack_is_tweetstorm":false,"jetpack_publicize_feature_enabled":true},"categories":[6],"tags":[29,39,16],"jetpack_featured_media_url":"","jetpack_publicize_connections":[],"jetpack_sharing_enabled":true,"jetpack_shortlink":"https:\/\/wp.me\/p8mhvd-2DZ","jetpack-related-posts":[{"id":11167,"url":"http:\/\/marburg.news\/?p=11167","url_meta":{"origin":10167,"position":0},"title":"Kripo informiert: Zwei Einbr\u00fcche abgebrochen","date":"8. November 2022","format":false,"excerpt":"Die Gesamtumst\u00e4nde am Tatort deuten auf den Abbruch eines Einbruchs in das Fahrradgesch\u00e4ft an der C\u00f6lber Stra\u00dfe hin. M\u00f6glicherweise fl\u00fcchteten die T\u00e4ter wegen einer unvorhergesehenen St\u00f6rung durch auftauchende Zeugen. Die Kriminalpolizei Marburg hofft daher auf Hinweise. Der Einbruchsversuch erfolgte zwischen Samstag (5. November) nach 18.30 Uhr und Montag (7. November)\u2026","rel":"","context":"In &quot;Sonstiges&quot;","img":{"alt_text":"","src":"","width":0,"height":0},"classes":[]},{"id":8603,"url":"http:\/\/marburg.news\/?p=8603","url_meta":{"origin":10167,"position":1},"title":"Stein f\u00fcr Scheibe: Einbr\u00fcche in zwei B\u00fcros in der Innenstadt","date":"19. Januar 2022","format":false,"excerpt":"Mit einem Pflasterstein schlugen Einbrecher zwischen Montag (17. Januar) nach 15.30 Uhr und Dienstag (18. Januar) vor 7.55 Uhr eine Scheibe ein. Dann stiegen sie in die R\u00e4ume eines Vereins an der Rudolf-Bultmann-Stra\u00dfe ein. Sie stahlen zwei Geldkassetten mit Bargeld und einen Schl\u00fcsselkasten mit 20 bis 25 Schl\u00fcsseln. Die T\u00e4ter\u2026","rel":"","context":"In &quot;Sonstiges&quot;","img":{"alt_text":"","src":"","width":0,"height":0},"classes":[]},{"id":8374,"url":"http:\/\/marburg.news\/?p=8374","url_meta":{"origin":10167,"position":2},"title":"Wohnung und Keller: Mal wieder Einbr\u00fcche und Diebstahl","date":"14. Dezember 2021","format":false,"excerpt":"Im Zusammenhang mit einem Einbruch in einem Mehrfamilienhaus am Ginseldorfer Weg gibt es die Personenbeschreibung eines Mannes. Er wurde im Haus und in unmittelbarer Tatortn\u00e4he gesehen. Zeugen sch\u00e4tzen den gepflegt wirkenden mutma\u00dflichen Deutschen auf ungef\u00e4hr 30 Jahre. Er ist 1,75 Meter gro\u00df und hat kurze - leicht wellige - braune\u2026","rel":"","context":"In &quot;Sonstiges&quot;","img":{"alt_text":"","src":"","width":0,"height":0},"classes":[]},{"id":1277,"url":"http:\/\/marburg.news\/?p=1277","url_meta":{"origin":10167,"position":3},"title":"Mein oder nicht mein: Ladendiebstahl und Einbruch","date":"2. November 2017","format":false,"excerpt":"Nach der Festnahme mutma\u00dflicher Ladendiebe und der Sicherstellung von Waren im Wert von etwa 1.000 Euro sucht die Polizei Zeugen. Der mutma\u00dfliche Diebstahl erfolgte am Samstag (28. Oktober) in Cappel. Die T\u00e4ter fl\u00fcchteten und entkamen in einem blauen VW Sharan. Die Polizei stoppte das Fahrzeug und stellte die vermutlich gestohlenen\u2026","rel":"","context":"In &quot;Sonstiges&quot;","img":{"alt_text":"","src":"","width":0,"height":0},"classes":[]},{"id":5867,"url":"http:\/\/marburg.news\/?p=5867","url_meta":{"origin":10167,"position":4},"title":"Zwei M\u00e4nner: Polizei sucht Zeugen zu Einbr\u00fcchen","date":"19. Oktober 2020","format":false,"excerpt":"Im Zusammenhang mit zwei Einbr\u00fcchen in ein Gesch\u00e4ft im Schlossbergcenter und einen in ein Mehrfamilienhaus an der Biegenstra\u00dfe sucht die Polizei Zeugen. Die Polizei \u00fcberpr\u00fcfte zwar zwei M\u00e4nner, doch machten beide keine Angaben. Die beiden waren bei einer Fahndung aufgefallen. Nach entsprechenden Belehrungen verweigerten sie jedoch die Aussage, sodass ihre\u2026","rel":"","context":"In &quot;Sonstiges&quot;","img":{"alt_text":"","src":"","width":0,"height":0},"classes":[]},{"id":9354,"url":"http:\/\/marburg.news\/?p=9354","url_meta":{"origin":10167,"position":5},"title":"Obdachlosenfreundlich: Kripo sucht Zeugen eines m\u00f6glichen Streits","date":"3. Mai 2022","format":false,"excerpt":"Was hat sich am Freitag (29. April) zwischen 19.15 und 19.45 Uhr auf dem Hermann-Cohen-Weg zugetragen? Derzeit versucht die Polizei, die Geschehnisse zu kl\u00e4ren. Deshalb sucht die Kriminalpolizei Marburg Zeugen des Geschens auf dem Radweg entlang der Lahn auf dem Wegst\u00fcck zwischen der Mensa und der Unterf\u00fchrung zur Alten Universit\u00e4tsbibliothek.\u2026","rel":"","context":"In &quot;Sonstiges&quot;","img":{"alt_text":"","src":"","width":0,"height":0},"classes":[]}],"_links":{"self":[{"href":"http:\/\/marburg.news\/index.php?rest_route=\/wp\/v2\/posts\/10167"}],"collection":[{"href":"http:\/\/marburg.news\/index.php?rest_route=\/wp\/v2\/posts"}],"about":[{"href":"http:\/\/marburg.news\/index.php?rest_route=\/wp\/v2\/types\/post"}],"author":[{"embeddable":true,"href":"http:\/\/marburg.news\/index.php?rest_route=\/wp\/v2\/users\/2"}],"replies":[{"embeddable":true,"href":"http:\/\/marburg.news\/index.php?rest_route=%2Fwp%2Fv2%2Fcomments&post=10167"}],"version-history":[{"count":0,"href":"http:\/\/marburg.news\/index.php?rest_route=\/wp\/v2\/posts\/10167\/revisions"}],"wp:attachment":[{"href":"http:\/\/marburg.news\/index.php?rest_route=%2Fwp%2Fv2%2Fmedia&parent=10167"}],"wp:term":[{"taxonomy":"category","embeddable":true,"href":"http:\/\/marburg.news\/index.php?rest_route=%2Fwp%2Fv2%2Fcategories&post=10167"},{"taxonomy":"post_tag","embeddable":true,"href":"http:\/\/marburg.news\/index.php?rest_route=%2Fwp%2Fv2%2Ftags&post=10167"}],"curies":[{"name":"wp","href":"https:\/\/api.w.org\/{rel}","templated":true}]}}